{"id":167674,"date":"2020-05-06T07:06:16","date_gmt":"2020-05-06T10:06:16","guid":{"rendered":"https:\/\/www.caririemacao.com\/1\/?p=167674"},"modified":"2020-05-06T07:06:16","modified_gmt":"2020-05-06T10:06:16","slug":"superintendente-da-policia-civil-e-exonerada-e-comando-de-batalhoes-da-pm-mudam-na-pb","status":"publish","type":"post","link":"https:\/\/www.caririemacao.com\/1\/2020\/05\/06\/superintendente-da-policia-civil-e-exonerada-e-comando-de-batalhoes-da-pm-mudam-na-pb\/","title":{"rendered":"Superintendente da Pol\u00edcia Civil \u00e9 exonerada e comando de Batalh\u00f5es da PM mudam na PB"},"content":{"rendered":"\n<h1 class=\"wp-block-heading\"><\/h1>\n\n\n\n<p>A superintendente da Pol\u00edcia Civil da Para\u00edba, Roberta Neiva foi exonerada e o delegado Sylvio Rabello foi nomeado para o cargo. A exonera\u00e7\u00e3o foi publicada no Di\u00e1rio Oficial desta ter\u00e7a-feira (05).<\/p>\n\n\n\n<p>Roberta foi nomeada para o cargo de&nbsp;delegada titular da Delegacia Especializada. Sylvio respondia pelo cargo de delegado seccional de Pol\u00edcia Civil.<\/p>\n\n\n\n<p>Al\u00e9m dela&nbsp;outros nove servidores tiveram os cargos alterados dentro da corpora\u00e7\u00e3o.&nbsp;Tamb\u00e9m houveram mudan\u00e7as nos&nbsp;Batalh\u00f5es da Pol\u00edcia Militar,&nbsp;nas lideran\u00e7as do&nbsp;13\u00ba BPM,&nbsp;12\u00ba BPM, 8\u00ba BPM e 3\u00ba BPM, assim como na se\u00e7\u00e3o de&nbsp;Comunica\u00e7\u00e3o e Marketing.<\/p>\n","protected":false},"excerpt":{"rendered":"<p>A superintendente da Pol\u00edcia Civil da Para\u00edba, Roberta Neiva foi exonerada e o delegado Sylvio Rabello foi nomeado para o cargo. A exonera\u00e7\u00e3o foi publicada&hellip; <\/p>\n","protected":false},"author":2,"featured_media":167675,"comment_status":"closed","ping_status":"closed","sticky":false,"template":"","format":"standard","meta":{"sfsi_plus_gutenberg_text_before_share":"","sfsi_plus_gutenberg_show_text_before_share":"","sfsi_plus_gutenberg_icon_type":"","sfsi_plus_gutenberg_icon_alignemt":"","sfsi_plus_gutenburg_max_per_row":"","footnotes":""},"categories":[2],"tags":[],"class_list":["post-167674","post","type-post","status-publish","format-standard","has-post-thumbnail","hentry","category-geral"],"_links":{"self":[{"href":"https:\/\/www.caririemacao.com\/1\/wp-json\/wp\/v2\/posts\/167674","targetHints":{"allow":["GET"]}}],"collection":[{"href":"https:\/\/www.caririemacao.com\/1\/wp-json\/wp\/v2\/posts"}],"about":[{"href":"https:\/\/www.caririemacao.com\/1\/wp-json\/wp\/v2\/types\/post"}],"author":[{"embeddable":true,"href":"https:\/\/www.caririemacao.com\/1\/wp-json\/wp\/v2\/users\/2"}],"replies":[{"embeddable":true,"href":"https:\/\/www.caririemacao.com\/1\/wp-json\/wp\/v2\/comments?post=167674"}],"version-history":[{"count":1,"href":"https:\/\/www.caririemacao.com\/1\/wp-json\/wp\/v2\/posts\/167674\/revisions"}],"predecessor-version":[{"id":167676,"href":"https:\/\/www.caririemacao.com\/1\/wp-json\/wp\/v2\/posts\/167674\/revisions\/167676"}],"wp:featuredmedia":[{"embeddable":true,"href":"https:\/\/www.caririemacao.com\/1\/wp-json\/wp\/v2\/media\/167675"}],"wp:attachment":[{"href":"https:\/\/www.caririemacao.com\/1\/wp-json\/wp\/v2\/media?parent=167674"}],"wp:term":[{"taxonomy":"category","embeddable":true,"href":"https:\/\/www.caririemacao.com\/1\/wp-json\/wp\/v2\/categories?post=167674"},{"taxonomy":"post_tag","embeddable":true,"href":"https:\/\/www.caririemacao.com\/1\/wp-json\/wp\/v2\/tags?post=167674"}],"curies":[{"name":"wp","href":"https:\/\/api.w.org\/{rel}","templated":true}]}}