{"id":167678,"date":"2020-05-06T07:11:40","date_gmt":"2020-05-06T10:11:40","guid":{"rendered":"https:\/\/www.caririemacao.com\/1\/?p=167678"},"modified":"2020-05-06T07:11:40","modified_gmt":"2020-05-06T10:11:40","slug":"nota-informativa-secretaria-municipal-de-saude-de-monteiro","status":"publish","type":"post","link":"https:\/\/www.caririemacao.com\/1\/2020\/05\/06\/nota-informativa-secretaria-municipal-de-saude-de-monteiro\/","title":{"rendered":"NOTA INFORMATIVA \u2013 Secretaria Municipal de Sa\u00fade de Monteiro"},"content":{"rendered":"\n<h1 class=\"wp-block-heading\"><a href=\"javascript:void(0);\"><\/a><\/h1>\n\n\n\n<p>A Secretaria Municipal de Sa\u00fade, vem atrav\u00e9s desta esclarecer e prestar informa\u00e7\u00f5es sobre os casos de COVID- 19 em investiga\u00e7\u00e3o.<br>Trata-se de um paciente do sexo feminino, 82 anos, residente em Monteiro- PB, apresentando febre, dor de garganta, desconforto respirat\u00f3rio, baixa satura\u00e7\u00e3o de oxig\u00eanio desde o dia 03\/05\/2020. Encontra-se internada em leito de isolamento para COVID 19 no Hospital Regional Santa Filomena. Foi realizada a coleta de Swab e encaminhada para o LACEN em Jo\u00e3o Pessoa- PB.<\/p>\n\n\n\n<p>O segundo caso trata-se de um paciente do sexo feminino, 42 anos, residente em Monteiro-PB, apresentando dor de garganta, cefaleia e febre desde o dia 30\/04\/2020. Encontra-se em isolamento domiciliar. Foi realizada coleta de Swab e encaminhado ao LACEN em Jo\u00e3o Pessoa -PB.<\/p>\n\n\n\n<p>A SMS &nbsp;refor\u00e7a a import\u00e2ncia do distanciamento social, al\u00e9m de medidas gerais de preven\u00e7\u00e3o, como uso obrigat\u00f3rio de m\u00e1scaras em locais p\u00fablicos, ag\u00eancias banc\u00e1rias, com\u00e9rcio, ruas e avenidas, transportes, entre outros.<\/p>\n\n\n\n<p>N\u00e3o compartilhe fake news. Siga nossas redes sociais oficiais.<\/p>\n","protected":false},"excerpt":{"rendered":"<p>A Secretaria Municipal de Sa\u00fade, vem atrav\u00e9s desta esclarecer e prestar informa\u00e7\u00f5es sobre os casos de COVID- 19 em investiga\u00e7\u00e3o.Trata-se de um paciente do sexo&hellip; <\/p>\n","protected":false},"author":2,"featured_media":165567,"comment_status":"closed","ping_status":"closed","sticky":false,"template":"","format":"standard","meta":{"sfsi_plus_gutenberg_text_before_share":"","sfsi_plus_gutenberg_show_text_before_share":"","sfsi_plus_gutenberg_icon_type":"","sfsi_plus_gutenberg_icon_alignemt":"","sfsi_plus_gutenburg_max_per_row":"","footnotes":""},"categories":[2],"tags":[],"class_list":["post-167678","post","type-post","status-publish","format-standard","has-post-thumbnail","hentry","category-geral"],"_links":{"self":[{"href":"https:\/\/www.caririemacao.com\/1\/wp-json\/wp\/v2\/posts\/167678","targetHints":{"allow":["GET"]}}],"collection":[{"href":"https:\/\/www.caririemacao.com\/1\/wp-json\/wp\/v2\/posts"}],"about":[{"href":"https:\/\/www.caririemacao.com\/1\/wp-json\/wp\/v2\/types\/post"}],"author":[{"embeddable":true,"href":"https:\/\/www.caririemacao.com\/1\/wp-json\/wp\/v2\/users\/2"}],"replies":[{"embeddable":true,"href":"https:\/\/www.caririemacao.com\/1\/wp-json\/wp\/v2\/comments?post=167678"}],"version-history":[{"count":1,"href":"https:\/\/www.caririemacao.com\/1\/wp-json\/wp\/v2\/posts\/167678\/revisions"}],"predecessor-version":[{"id":167679,"href":"https:\/\/www.caririemacao.com\/1\/wp-json\/wp\/v2\/posts\/167678\/revisions\/167679"}],"wp:featuredmedia":[{"embeddable":true,"href":"https:\/\/www.caririemacao.com\/1\/wp-json\/wp\/v2\/media\/165567"}],"wp:attachment":[{"href":"https:\/\/www.caririemacao.com\/1\/wp-json\/wp\/v2\/media?parent=167678"}],"wp:term":[{"taxonomy":"category","embeddable":true,"href":"https:\/\/www.caririemacao.com\/1\/wp-json\/wp\/v2\/categories?post=167678"},{"taxonomy":"post_tag","embeddable":true,"href":"https:\/\/www.caririemacao.com\/1\/wp-json\/wp\/v2\/tags?post=167678"}],"curies":[{"name":"wp","href":"https:\/\/api.w.org\/{rel}","templated":true}]}}