{"id":167681,"date":"2020-05-06T07:16:50","date_gmt":"2020-05-06T10:16:50","guid":{"rendered":"https:\/\/www.caririemacao.com\/1\/?p=167681"},"modified":"2020-05-06T07:16:50","modified_gmt":"2020-05-06T10:16:50","slug":"ministerio-da-economia-vai-socorrer-contribuintes-do-simples","status":"publish","type":"post","link":"https:\/\/www.caririemacao.com\/1\/2020\/05\/06\/ministerio-da-economia-vai-socorrer-contribuintes-do-simples\/","title":{"rendered":"Minist\u00e9rio da Economia vai socorrer contribuintes do Simples"},"content":{"rendered":"\n<h1 class=\"wp-block-heading\"><\/h1>\n\n\n\n<p><\/p>\n\n\n\n<p>O ministro Paulo Guedes (Economia) disse que est\u00e1 sendo trabalhada uma proposta para socorrer as pequenas empresas cadastradas no Simples (3 milh\u00f5es e 200 mil empresas).&nbsp;<\/p>\n\n\n\n<p>A ideia inicial \u00e9 um empr\u00e9stimo, equivalente a 30% da receita dessas empresas no ano passado, com car\u00eancia de tr\u00eas meses para come\u00e7ar a quita\u00e7\u00e3o.&nbsp;<\/p>\n\n\n\n<p>*Com informa\u00e7\u00f5es da coluna Aparte, assinada pelo jornalista Arimat\u00e9a Souza<\/p>\n","protected":false},"excerpt":{"rendered":"<p>O ministro Paulo Guedes (Economia) disse que est\u00e1 sendo trabalhada uma proposta para socorrer as pequenas empresas cadastradas no Simples (3 milh\u00f5es e 200 mil&hellip; <\/p>\n","protected":false},"author":2,"featured_media":167682,"comment_status":"closed","ping_status":"closed","sticky":false,"template":"","format":"standard","meta":{"sfsi_plus_gutenberg_text_before_share":"","sfsi_plus_gutenberg_show_text_before_share":"","sfsi_plus_gutenberg_icon_type":"","sfsi_plus_gutenberg_icon_alignemt":"","sfsi_plus_gutenburg_max_per_row":"","footnotes":""},"categories":[2],"tags":[],"class_list":["post-167681","post","type-post","status-publish","format-standard","has-post-thumbnail","hentry","category-geral"],"_links":{"self":[{"href":"https:\/\/www.caririemacao.com\/1\/wp-json\/wp\/v2\/posts\/167681","targetHints":{"allow":["GET"]}}],"collection":[{"href":"https:\/\/www.caririemacao.com\/1\/wp-json\/wp\/v2\/posts"}],"about":[{"href":"https:\/\/www.caririemacao.com\/1\/wp-json\/wp\/v2\/types\/post"}],"author":[{"embeddable":true,"href":"https:\/\/www.caririemacao.com\/1\/wp-json\/wp\/v2\/users\/2"}],"replies":[{"embeddable":true,"href":"https:\/\/www.caririemacao.com\/1\/wp-json\/wp\/v2\/comments?post=167681"}],"version-history":[{"count":1,"href":"https:\/\/www.caririemacao.com\/1\/wp-json\/wp\/v2\/posts\/167681\/revisions"}],"predecessor-version":[{"id":167683,"href":"https:\/\/www.caririemacao.com\/1\/wp-json\/wp\/v2\/posts\/167681\/revisions\/167683"}],"wp:featuredmedia":[{"embeddable":true,"href":"https:\/\/www.caririemacao.com\/1\/wp-json\/wp\/v2\/media\/167682"}],"wp:attachment":[{"href":"https:\/\/www.caririemacao.com\/1\/wp-json\/wp\/v2\/media?parent=167681"}],"wp:term":[{"taxonomy":"category","embeddable":true,"href":"https:\/\/www.caririemacao.com\/1\/wp-json\/wp\/v2\/categories?post=167681"},{"taxonomy":"post_tag","embeddable":true,"href":"https:\/\/www.caririemacao.com\/1\/wp-json\/wp\/v2\/tags?post=167681"}],"curies":[{"name":"wp","href":"https:\/\/api.w.org\/{rel}","templated":true}]}}