{"id":167685,"date":"2020-05-06T07:21:24","date_gmt":"2020-05-06T10:21:24","guid":{"rendered":"https:\/\/www.caririemacao.com\/1\/?p=167685"},"modified":"2020-05-06T07:21:24","modified_gmt":"2020-05-06T10:21:24","slug":"covid-19-132-novos-casos-e-mais-sete-obitos-sao-confirmados-na-paraiba","status":"publish","type":"post","link":"https:\/\/www.caririemacao.com\/1\/2020\/05\/06\/covid-19-132-novos-casos-e-mais-sete-obitos-sao-confirmados-na-paraiba\/","title":{"rendered":"Covid-19: 132 novos casos e mais sete \u00f3bitos s\u00e3o confirmados na Para\u00edba"},"content":{"rendered":"\n<h1 class=\"wp-block-heading\"><\/h1>\n\n\n\n<p>A Secretaria de Estado da Sa\u00fade divulgou novo boletim epidemiol\u00f3gico sobre o coronav\u00edrus.<\/p>\n\n\n\n<p>Nesta ter\u00e7a-feira, 05, a Para\u00edba atingiu 1493 casos de Covid -19 e 132 novas notifica\u00e7\u00f5es nas \u00faltimas 24 horas. Destes, 92 pessoas morreram e 310 j\u00e1 se recuperaram, segundo informa\u00e7\u00f5es das Secretarias Municipais de Sa\u00fade.<\/p>\n\n\n\n<p>Outros 2158 casos investigados j\u00e1 foram descartados. Dos 370 leitos de UTI previstos no plano de Conting\u00eancia para Coronav\u00edrus, 197 j\u00e1 est\u00e3o ativos, 51% deles ocupados.<\/p>\n\n\n\n<p>Os casos confirmados est\u00e3o em 75 munic\u00edpios paraibanos:<\/p>\n\n\n\n<p>Alagoa Grande (3); Alagoa Nova (1); Alagoinha (1); Alhandra (8); Ara\u00e7agi (3); Areia (1); Barra de S\u00e3o Miguel (1); Bayeux (45); Bom Jesus (1); Boqueir\u00e3o (1); Brejo do Cruz (1); Caapor\u00e3 (5); Cabedelo (51); Cai\u00e7ara (1); Cajazeiras (13); Campina Grande (74); Capim (1);&nbsp; Casserengue (1); Catingueira (1); Conde (18); Congo (1); Coremas (3); Coxixola (3); Cruz do Esp\u00edrito Santo (7); Esperan\u00e7a (2); Guarabira (28); Gurinh\u00e9m (2); Igaracy (1); Imaculada (3); Itabaiana (2); Itaporanga (1); Itapororoca (4); Jo\u00e3o Pessoa (865); Junco do Serid\u00f3 (3); Lagoa Seca (2); Lucena (6); Mamanguape (4); Mari (9); Mariz\u00f3polis (3); Mataraca (1); Matinhas (1) Monteiro (2); Mulungu (3); Nova Floresta (1) Patos (33); Pedras de Fogo (15); Pianc\u00f3 (3); Pilar (2); Pil\u00f5es(1); Pil\u00f5ezinhos (2); Pirpirituba (2); Pitimbu (2); Pombal (2); Princesa Isabel (2); Queimadas (2); Rem\u00edgio (1) Riach\u00e3o Po\u00e7o (1); Riacho dos Cavalos (1); Rio Tinto (5); Santa Helena (1); Santa Rita (129); S\u00e3o Bento (5); S\u00e3o Jo\u00e3o do Rio do Peixe (6); S\u00e3o Jos\u00e9 de Espinharas (1); S\u00e3o Jos\u00e9 de Piranhas (1); S\u00e3o Jos\u00e9 do Bonfim (1); S\u00e3o Sebasti\u00e3o de Lagoa de Ro\u00e7a (1); Sap\u00e9 (54); Serra Branca (1); Serra da Ra\u00edz (1); Serra Redonda (1); Sousa (17); Tapero\u00e1 (9); Uirauna (1); Umbuzeiro (2).<\/p>\n\n\n\n<p>Nas \u00faltimas 24h foram registrados sete \u00f3bitos, sendo:<\/p>\n\n\n\n<p>\u2013 Mulher de 80 anos, com comorbidade, obesidade, doen\u00e7a cardiovascular&nbsp; cr\u00f4nica, pneumonia cr\u00f4nica. Morava em Santa Rita e come\u00e7ou a sentir os sintomas no dia 24 de abril. Foi internada em hospital p\u00fablico e veio a \u00f3bito no dia 1\u00ba.<\/p>\n\n\n\n<p>\u2013 Homem, 69 anos, com comorbidade. Era hipertenso, diab\u00e9tico e morava em Santa Rita. Os sintomas iniciaram no dia 24 de abril e foi internado em um hospital p\u00fablico. A morte ocorreu no dia 04 de maio.<\/p>\n\n\n\n<p>\u2013 Mulher, 38 anos, com comorbidade como: doen\u00e7a cardiovascular, pu\u00e9rpera. Era residente em Jo\u00e3o Pessoa e os sintomas tiveram in\u00edcio no dia 19 de abril. Esteve internada em hospital p\u00fablico e veio a \u00f3bito ontem, 04.<\/p>\n\n\n\n<p>\u2013 Mulher, 51 anos, com comorbidade. Tinha neoplasia maligna de f\u00edgado n\u00e3o especificada, morava em Jo\u00e3o Pessoa e ficou internada em hospital p\u00fablico. Os sintomas iniciaram no dia 27 e o \u00f3bito ocorreu ontem, 4.<\/p>\n\n\n\n<p>\u2013 Homem, 35 anos, diab\u00e9tico. Residia em Jo\u00e3o Pessoa e teve in\u00edcio dos sintomas no dia 25. Foi internado em hospital p\u00fablico e veio a \u00f3bito hoje.<\/p>\n\n\n\n<p>\u2013 Mulher, 76 anos, com doen\u00e7a cardiovascular. Residia em Cabedelo e os sintomas se iniciaram no dia 28 de abril. Ficou internada em hospital p\u00fablico e veio a \u00f3bito no dia 03.<\/p>\n\n\n\n<p>\u2013 Homem, 45, com comorbidade, etilista, hipertenso. Morava em Jo\u00e3o Pessoa e teve o in\u00edcio dos sintomas no dia 18 de abril. Esteve internado em hospital p\u00fablico e veio a \u00f3bito no dia 04.<\/p>\n\n\n\n<p>Os dados epidemiol\u00f3gicos e de ocupa\u00e7\u00e3o de leitos podem ser acompanhados em paraiba.pb.gov.br\/coronavirus<\/p>\n","protected":false},"excerpt":{"rendered":"<p>A Secretaria de Estado da Sa\u00fade divulgou novo boletim epidemiol\u00f3gico sobre o coronav\u00edrus. Nesta ter\u00e7a-feira, 05, a Para\u00edba atingiu 1493 casos de Covid -19 e&hellip; <\/p>\n","protected":false},"author":2,"featured_media":167686,"comment_status":"closed","ping_status":"closed","sticky":false,"template":"","format":"standard","meta":{"sfsi_plus_gutenberg_text_before_share":"","sfsi_plus_gutenberg_show_text_before_share":"","sfsi_plus_gutenberg_icon_type":"","sfsi_plus_gutenberg_icon_alignemt":"","sfsi_plus_gutenburg_max_per_row":"","footnotes":""},"categories":[2],"tags":[],"class_list":["post-167685","post","type-post","status-publish","format-standard","has-post-thumbnail","hentry","category-geral"],"_links":{"self":[{"href":"https:\/\/www.caririemacao.com\/1\/wp-json\/wp\/v2\/posts\/167685","targetHints":{"allow":["GET"]}}],"collection":[{"href":"https:\/\/www.caririemacao.com\/1\/wp-json\/wp\/v2\/posts"}],"about":[{"href":"https:\/\/www.caririemacao.com\/1\/wp-json\/wp\/v2\/types\/post"}],"author":[{"embeddable":true,"href":"https:\/\/www.caririemacao.com\/1\/wp-json\/wp\/v2\/users\/2"}],"replies":[{"embeddable":true,"href":"https:\/\/www.caririemacao.com\/1\/wp-json\/wp\/v2\/comments?post=167685"}],"version-history":[{"count":1,"href":"https:\/\/www.caririemacao.com\/1\/wp-json\/wp\/v2\/posts\/167685\/revisions"}],"predecessor-version":[{"id":167687,"href":"https:\/\/www.caririemacao.com\/1\/wp-json\/wp\/v2\/posts\/167685\/revisions\/167687"}],"wp:featuredmedia":[{"embeddable":true,"href":"https:\/\/www.caririemacao.com\/1\/wp-json\/wp\/v2\/media\/167686"}],"wp:attachment":[{"href":"https:\/\/www.caririemacao.com\/1\/wp-json\/wp\/v2\/media?parent=167685"}],"wp:term":[{"taxonomy":"category","embeddable":true,"href":"https:\/\/www.caririemacao.com\/1\/wp-json\/wp\/v2\/categories?post=167685"},{"taxonomy":"post_tag","embeddable":true,"href":"https:\/\/www.caririemacao.com\/1\/wp-json\/wp\/v2\/tags?post=167685"}],"curies":[{"name":"wp","href":"https:\/\/api.w.org\/{rel}","templated":true}]}}