{"id":167689,"date":"2020-05-06T07:24:48","date_gmt":"2020-05-06T10:24:48","guid":{"rendered":"https:\/\/www.caririemacao.com\/1\/?p=167689"},"modified":"2020-05-06T07:24:48","modified_gmt":"2020-05-06T10:24:48","slug":"coronavirus-brasil-registra-600-novas-mortes-em-24-h-e-bate-recorde","status":"publish","type":"post","link":"https:\/\/www.caririemacao.com\/1\/2020\/05\/06\/coronavirus-brasil-registra-600-novas-mortes-em-24-h-e-bate-recorde\/","title":{"rendered":"Coronav\u00edrus: Brasil registra 600 novas mortes em 24 h e bate recorde"},"content":{"rendered":"\n<h1 class=\"wp-block-heading\"><\/h1>\n\n\n\n<p> Dados do Minist\u00e9rio da Sa\u00fade desta ter\u00e7a-feira (5) mostram que o Brasil registrou 600 novas mortes em pouco mais de 24 horas, um n\u00famero recorde. Tamb\u00e9m houve 6.935 novos casos confirmados no per\u00edodo.<\/p>\n\n\n\n<p>Desde o in\u00edcio da pandemia do novo coronav\u00edrus, foram registrados ao todo 114.715 casos confirmados da doen\u00e7a e 7.921 mortes.<\/p>\n\n\n\n<p>De acordo com especialistas, os n\u00fameros reais devem ser ainda maiores, j\u00e1 que h\u00e1 baixa oferta de testes no pa\u00eds e subnotifica\u00e7\u00e3o.<\/p>\n\n\n\n<p>Segundo o secret\u00e1rio de Vigil\u00e2ncia em Sa\u00fade, Wanderson de Oliveira, desses 600 \u00f3bitos, 25 evolu\u00edram para o \u00f3bito nesta ter\u00e7a, 51, no dia anterior, e 48 morreram no domingo. O restante foi antes disso. \u201cN\u00e3o s\u00e3o 600 mortes que aconteceram nas \u00faltimas 24 horas\u201d, refor\u00e7ou.<\/p>\n\n\n\n<p>Epicentro da crise, S\u00e3o Paulo j\u00e1 soma 34.053 casos confirmados e 2.851 mortes pelo novo coronav\u00edrus \u2013destas, 197 foram confirmadas nas \u00faltimas 24 h, incluindo a de um beb\u00ea da cidade de S\u00e3o Paulo, com apenas um ano, que teve diagn\u00f3stico de Covid-19.<\/p>\n\n\n\n<p>Em meio ao aumento nos n\u00fameros, o estado tem visto cair o \u00edndice de isolamento social, o que preocupa autoridades. Na segunda (4), o isolamento foi de 47%.<\/p>\n\n\n\n<p>Depois de S\u00e3o Paulo, o estado com maior n\u00famero de casos \u00e9 o Rio de Janeiro.<\/p>\n\n\n\n<p>J\u00e1 quando analisados os dados de incid\u00eancia da Covid-19, indicador que abrange o total de casos pela popula\u00e7\u00e3o, outros estados passam \u00e0 frente. S\u00e3o eles Amap\u00e1, Amazonas, Roraima, Cear\u00e1, Pernambuco, Acre e Esp\u00edrito Santo<\/p>\n","protected":false},"excerpt":{"rendered":"<p>Dados do Minist\u00e9rio da Sa\u00fade desta ter\u00e7a-feira (5) mostram que o Brasil registrou 600 novas mortes em pouco mais de 24 horas, um n\u00famero recorde.&hellip; <\/p>\n","protected":false},"author":2,"featured_media":167690,"comment_status":"closed","ping_status":"closed","sticky":false,"template":"","format":"standard","meta":{"sfsi_plus_gutenberg_text_before_share":"","sfsi_plus_gutenberg_show_text_before_share":"","sfsi_plus_gutenberg_icon_type":"","sfsi_plus_gutenberg_icon_alignemt":"","sfsi_plus_gutenburg_max_per_row":"","footnotes":""},"categories":[16],"tags":[],"class_list":["post-167689","post","type-post","status-publish","format-standard","has-post-thumbnail","hentry","category-saude"],"_links":{"self":[{"href":"https:\/\/www.caririemacao.com\/1\/wp-json\/wp\/v2\/posts\/167689","targetHints":{"allow":["GET"]}}],"collection":[{"href":"https:\/\/www.caririemacao.com\/1\/wp-json\/wp\/v2\/posts"}],"about":[{"href":"https:\/\/www.caririemacao.com\/1\/wp-json\/wp\/v2\/types\/post"}],"author":[{"embeddable":true,"href":"https:\/\/www.caririemacao.com\/1\/wp-json\/wp\/v2\/users\/2"}],"replies":[{"embeddable":true,"href":"https:\/\/www.caririemacao.com\/1\/wp-json\/wp\/v2\/comments?post=167689"}],"version-history":[{"count":1,"href":"https:\/\/www.caririemacao.com\/1\/wp-json\/wp\/v2\/posts\/167689\/revisions"}],"predecessor-version":[{"id":167691,"href":"https:\/\/www.caririemacao.com\/1\/wp-json\/wp\/v2\/posts\/167689\/revisions\/167691"}],"wp:featuredmedia":[{"embeddable":true,"href":"https:\/\/www.caririemacao.com\/1\/wp-json\/wp\/v2\/media\/167690"}],"wp:attachment":[{"href":"https:\/\/www.caririemacao.com\/1\/wp-json\/wp\/v2\/media?parent=167689"}],"wp:term":[{"taxonomy":"category","embeddable":true,"href":"https:\/\/www.caririemacao.com\/1\/wp-json\/wp\/v2\/categories?post=167689"},{"taxonomy":"post_tag","embeddable":true,"href":"https:\/\/www.caririemacao.com\/1\/wp-json\/wp\/v2\/tags?post=167689"}],"curies":[{"name":"wp","href":"https:\/\/api.w.org\/{rel}","templated":true}]}}