{"id":167693,"date":"2020-05-06T07:30:19","date_gmt":"2020-05-06T10:30:19","guid":{"rendered":"https:\/\/www.caririemacao.com\/1\/?p=167693"},"modified":"2020-05-06T07:30:19","modified_gmt":"2020-05-06T10:30:19","slug":"moro-quero-apenas-uma-superintendencia-da-pf-a-do-rio-teria-pedido-bolsonaro","status":"publish","type":"post","link":"https:\/\/www.caririemacao.com\/1\/2020\/05\/06\/moro-quero-apenas-uma-superintendencia-da-pf-a-do-rio-teria-pedido-bolsonaro\/","title":{"rendered":"Moro: \u00b4Quero apenas uma superintend\u00eancia da PF, a do Rio\u201d, teria pedido Bolsonaro"},"content":{"rendered":"\n<h1 class=\"wp-block-heading\"><\/h1>\n\n\n\n<p>Foto: Marcello Casal Jr\/Ag\u00eancia Brasil<\/p>\n\n\n\n<p> Em depoimento \u00e0 Pol\u00edcia Federal, no \u00faltimo s\u00e1bado (2), o ex-ministro da Justi\u00e7a Sergio Moro afirmou que o presidente Jair Bolsonaro pediu no come\u00e7o de mar\u00e7o deste ano a troca do chefe da Pol\u00edcia Federal no Rio de Janeiro.<\/p>\n\n\n\n<p>\u201cMoro voc\u00ea tem 27 Superintend\u00eancias, eu quero apenas uma, a do Rio de Janeiro\u201d, disse Bolsonaro a Moro, por mensagem de WhatsApp, segundo transcri\u00e7\u00e3o do depoimento \u00e0 PF.<br>A \u00edntegra do depoimento foi divulgada pela CNN Brasil.<\/p>\n\n\n\n<p>Os investigadores perguntaram a Moro se ele identificava nos fatos apresentados em sua entrevista coletiva alguma pr\u00e1tica de crime por parte de Bolsonaro.<\/p>\n\n\n\n<p>O ex-ministro disse que os fatos narrados por ele s\u00e3o verdadeiros, mas n\u00e3o afirmou se o presidente teria cometido algum crime.<\/p>\n\n\n\n<p>\u201cQuem falou em crime foi a Procuradoria-Geral da Rep\u00fablica na requisi\u00e7\u00e3o de abertura de inqu\u00e9rito e agora entende que essa avalia\u00e7\u00e3o, quanto \u00e0 pr\u00e1tica de crime, cabe \u00e0s Institui\u00e7\u00f5es competentes\u201d, disse Moro.<\/p>\n\n\n\n<p>Segundo Moro, o ent\u00e3o diretor da PF, Maur\u00edcio Valeixo, \u201cdeclarou que estava cansado da press\u00e3o para a sua substitui\u00e7\u00e3o e para a troca do SR\/RJ\u201d.<\/p>\n\n\n\n<p>\u201cQue por esse motivo e tamb\u00e9m para evitar conflito entre o presidente e o ministro o diretor Valeixo disse que concordaria em sair\u201d, afirmou o ex-ministro.<\/p>\n\n\n\n<p>De acordo com Moro, em seguida o presidente Bolsonaro \u201cpassou a reclamar da indica\u00e7\u00e3o da Superintendente de Pernambuco\u201d.<\/p>\n\n\n\n<p>Segundo ele, \u201cos motivos da reclama\u00e7\u00e3o devem ser indagados ao Presidente da Rep\u00fablica\u201d.<\/p>\n\n\n\n<p>Segundo o ex-ministro da Justi\u00e7a, \u201co presidente lhe relatou verbalmente no Pal\u00e1cio do Planalto que precisava de pessoas de sua confian\u00e7a, para que pudesse interagir, telefonar e obter relat\u00f3rios de intelig\u00eancia\u201d.<\/p>\n\n\n\n<p>Moro afirmou que a press\u00e3o para substituir Valeixo \u201cretornou com for\u00e7a em janeiro de 2020, quando o presidente disse que gostaria de nomear Alexandre Ramagem [diretor da Ag\u00eancia Brasileira de Intelig\u00eancia] no cargo de Diretor Geral da Pol\u00edcia Federal.\u201d<\/p>\n\n\n\n<p>O ex-ministro disse que a cobran\u00e7a foi feita verbalmente no Pal\u00e1cio do Planalto e \u201ceventualmente\u201d na presen\u00e7a do ministro Augusto Heleno (Gabinete de Seguran\u00e7a Institucional). \u201cEsse assunto era conhecido no Pal\u00e1cio do Planalto por v\u00e1rias pessoas\u201d, disse Moro.<\/p>\n\n\n\n<p>Moro afirmou ainda que \u201ccogitou\u201d aceitar as trocas na dire\u00e7\u00e3o-geral da PF e na superintend\u00eancia do Rio, mas que \u201cdepois, por\u00e9m, entendeu que tamb\u00e9m n\u00e3o poderia aceitar a troca do SR\/RJ sem causa\u201d.<\/p>\n\n\n\n<p>\u201cQue a partir de ent\u00e3o cresceram as insist\u00eancias do PR (Bolsonaro) para a substitui\u00e7\u00e3o tanto do Diretor Geral quanto do SR\/RJ\u201d, declarou Moro.<\/p>\n\n\n\n<p>\u201cComo Ramagem tinha liga\u00e7\u00f5es pr\u00f3ximas com a fam\u00edlia do presidente isso afetaria a credibilidade da Pol\u00edcia Federal e do pr\u00f3prio Governo, prejudicando at\u00e9 o presidente\u201d, disse o ex-ministro.<\/p>\n\n\n\n<p>\u201cEssas liga\u00e7\u00f5es s\u00e3o not\u00f3rias, iniciadas quando Ramagem trabalhou na organiza\u00e7\u00e3o da seguran\u00e7a pessoal do presidente durante a campanha eleitoral.\u201d<\/p>\n\n\n\n<p>O ex-ministro disse que o presidente o cobrou em reuni\u00e3o do conselho de ministros, ocorrida em 22 de abril, a substitui\u00e7\u00e3o da Superintend\u00eancia do Rio e do diretor-geral da PF.<\/p>\n\n\n\n<p>Bolsonaro ainda teria voltado a pedir relat\u00f3rios de intelig\u00eancia e informa\u00e7\u00e3o da Pol\u00edcia Federal.<\/p>\n\n\n\n<p>\u201cO presidente lhe relatou verbalmente no Pal\u00e1cio do Planalto que precisava de pessoas de sua confian\u00e7a, para que pudesse interagir, telefonar e obter relat\u00f3rios de intelig\u00eancia\u201d, disse Moro no depoimento.<\/p>\n\n\n\n<p>De acordo com Moro, o presidente afirmou que iria interferir em todos os minist\u00e9rios, e quanto ao Minist\u00e9rio da Justi\u00e7a, se n\u00e3o pudesse trocar o Superintendente do Rio de Janeiro, \u201ctrocaria o diretor geral e o pr\u00f3prio ministro da Justi\u00e7a\u201d, relatou o ex-juiz da Lava Jato.<\/p>\n\n\n\n<p>Moro disse ainda que a informa\u00e7\u00e3o de que o presidente n\u00e3o recebia informa\u00e7\u00f5es ou relat\u00f3rios de intelig\u00eancia da Pol\u00edcia Federal \u201cn\u00e3o era verdadeira\u201d.<\/p>\n\n\n\n<p>\u201cEm rela\u00e7\u00e3o ao trabalho da Pol\u00edcia Federal, informava as a\u00e7\u00f5es realizadas, resguardado o sigilo das investiga\u00e7\u00f5es.\u201d<\/p>\n\n\n\n<p>\u201cFazia como ministros do passado e comunicava opera\u00e7\u00f5es sens\u00edveis da Pol\u00edcia Federal, ap\u00f3s a deflagra\u00e7\u00e3o das opera\u00e7\u00f5es com buscas e pris\u00f5es\u201d, afirmou.<\/p>\n\n\n\n<p>Moro ressaltou que todas as indica\u00e7\u00f5es feitas \u00e0s superintend\u00eancias da PF passavam pelo crivo da Casa Civil. E que em nenhum momento nomes indicados pelo ex-diretor-geral da PF Maur\u00edcio Valeixo foram questionados pela pasta.<\/p>\n\n\n\n<p>Ele explicou que Bolsonaro n\u00e3o tinha o mesmo interesse em mudan\u00e7as de outros postos dentro do Minist\u00e9rio da Justi\u00e7a.<\/p>\n\n\n\n<p>\u201cO presidente n\u00e3o interferiu, ou interferia, ou solicitava mudan\u00e7as em chefias de outras secretarias ou \u00f3rg\u00e3os vinculados ao Minist\u00e9rio da Justi\u00e7a, como, por exemplo, a Pol\u00edcia Rodovi\u00e1ria Federal, DEPEN, For\u00e7a Nacional\u201d, disse.<\/p>\n\n\n\n<p>Moro foi questionado pelos investigadores se via rela\u00e7\u00e3o entre as trocas solicitadas pelo presidente com a deflagra\u00e7\u00e3o de opera\u00e7\u00f5es policiais contra pessoas pr\u00f3ximas a Bolsonaro e ao seu grupo pol\u00edtico.<\/p>\n\n\n\n<p>O ex-ministro disse que \u201cdesconhecia\u201d rela\u00e7\u00e3o e que \u201cn\u00e3o tinha acesso \u00e0s investiga\u00e7\u00f5es\u201d em curso.<\/p>\n\n\n\n<p>O novo diretor-geral da Pol\u00edcia Federal, Rolando de Souza, em um de seus primeiros atos, decidiu trocar a chefia da superintend\u00eancia da PF no Rio, como revelou o Painel. O novo superintendente do Rio ainda n\u00e3o foi definido.<\/p>\n\n\n\n<p>Em agosto do ano passado, Bolsonaro provocou uma crise na PF ao anunciar que Ricardo Saadi seria substitu\u00eddo por Alexandre Silva Saraiva na Superintend\u00eancia da PF no RJ.<\/p>\n\n\n\n<p>A dire\u00e7\u00e3o da PF, contudo, havia escolhido para o cargo o delegado Carlos Henrique Oliveira Sousa, da Superintend\u00eancia da PF em Pernambuco.<\/p>\n\n\n\n<p>O an\u00fancio de Bolsonaro foi malvisto pela corpora\u00e7\u00e3o como uma interfer\u00eancia do presidente em assuntos internos.<\/p>\n\n\n\n<p>Desde ent\u00e3o, Bolsonaro passou a dar diversas declara\u00e7\u00f5es refor\u00e7ando a inten\u00e7\u00e3o de intervir na Pol\u00edcia Federal. Tamb\u00e9m alfinetou Moro ao afirmar que cabe a ele, e n\u00e3o ao ministro, fazer nomea\u00e7\u00f5es no \u00f3rg\u00e3o.<\/p>\n\n\n\n<p>\u00c0 \u00e9poca, apesar da press\u00e3o de Bolsonaro, Carlos Henrique virou superintendente do Rio por decis\u00e3o de Maur\u00edcio Valeixo, ex-diretor-geral.<\/p>\n\n\n\n<p>O pedido de demiss\u00e3o de Moro foi revelado pela Folha de S.Paulo no dia 23 de abril. No depoimento, Moro contou que avisou Bolsonaro que sairia do governo com a confirma\u00e7\u00e3o da sa\u00edda de Valeixo.<\/p>\n\n\n\n<p>Segundo ele, Bolsonaro \u201clamentou, mas disse que a decis\u00e3o estava tomada\u201d. Moro disse que, em seguida, reuniu-se com os ministros Luiz Eduardo Ramos (Secretaria de Governo), Heleno (GSI) e Braga Netto (Casa Civil).<\/p>\n\n\n\n<p>Ele disse \u00e0 PF que informou ent\u00e3o \u201cos motivos pelos quais n\u00e3o podia aceitar a substitui\u00e7\u00e3o e tamb\u00e9m declarou que sairia do governo e seria obrigado a falar a verdade\u201d.<\/p>\n\n\n\n<p>O ministro Celso de Mello, do Supremo Tribunal Federal, decidiu nesta segunda-feira (4) liberar a divulga\u00e7\u00e3o do depoimento prestado por Sergio Moro \u00e0 Pol\u00edcia Federal.<\/p>\n\n\n\n<p>O depoimento \u00e9 considerado um dos principais elementos do inqu\u00e9rito que pode levar \u00e0 apresenta\u00e7\u00e3o de den\u00fancia contra o ex-ministro da Justi\u00e7a ou contra o presidente Jair Bolsonaro.<\/p>\n\n\n\n<p>O documento foi tornado p\u00fablico ap\u00f3s a defesa de Moro informar que n\u00e3o se opunha \u00e0 sua divulga\u00e7\u00e3o. O ex-juiz da Lava Jato dep\u00f4s por mais de oito horas na Pol\u00edcia Federal em Curitiba.<\/p>\n\n\n\n<p>O procurador-geral da Rep\u00fablica, Augusto Aras, pediu nesta segunda-feira ao ministro Celso de Mello que tr\u00eas ministros do governo Jair Bolsonaro sejam ouvidos no inqu\u00e9rito que apura se o presidente tentou interferir indevidamente em investiga\u00e7\u00f5es da PF.<\/p>\n\n\n\n<p>Ele tamb\u00e9m solicitou ao STF c\u00f3pia do v\u00eddeo da reuni\u00e3o realizada entre o presidente, o vice-presidente Hamilton Mour\u00e3o e ministros de Estado, al\u00e9m de presidentes de bancos p\u00fablicos, no \u00faltimo dia 22, no Pal\u00e1cio do Planalto.<\/p>\n\n\n\n<p>Aras entendeu ser necess\u00e1rio colher os depoimentos dos ministros Luiz Eduardo Ramos (Secretaria de Governo), Augusto Heleno (Gabinete de Seguran\u00e7a Institucional) e Walter Souza Braga Netto (Casa Civil) para o esclarecimento dos fatos.<\/p>\n\n\n\n<p>Bolsonaro convocou a reuni\u00e3o ministerial para discutir o programa Pr\u00f3-Brasil. Ela foi gravada pela pr\u00f3pria Presid\u00eancia.<\/p>\n\n\n\n<p>O procurador-geral tamb\u00e9m requer a oitiva da deputada federal Carla Zambeli (PSL-SP). Moro entregou mensagens trocadas por ela, via celular, como prova de que n\u00e3o teria aceitado inger\u00eancia sobre o \u00f3rg\u00e3o de investiga\u00e7\u00e3o.<\/p>\n\n\n\n<p>Moro permitiu no s\u00e1bado que a PF copiasse dados de seu telefone.<\/p>\n\n\n\n<p>Nesta segunda, Aras solicitou ao ministro do Supremo a elabora\u00e7\u00e3o de um laudo pericial da PF sobre o conte\u00fado, \u201cbem como um relat\u00f3rio de an\u00e1lise das mensagens de texto e \u00e1udio, imagens e v\u00eddeos\u201d.<\/p>\n\n\n\n<p>A necessidade das dilig\u00eancias ser\u00e1 analisada por Celso de Mello.<\/p>\n\n\n\n<p>Aras tamb\u00e9m pediu outras provid\u00eancias, como as oitivas do ex-diretor-geral da PF Maur\u00edcio Valeixo -cuja demiss\u00e3o levou Moro a romper com o presidente- e as dos delegados Ricardo Saadi, Carlos Henrique de Oliveira Sousa, Alexandre Saraiva, Rodrigo Teixeira e Alexandre Ramagem Rodrigues.<\/p>\n\n\n\n<p>O objetivo \u00e9 que eles prestem informa\u00e7\u00f5es acerca de \u201ceventual patroc\u00ednio, direto ou indireto, de interesses privados do presidente da Rep\u00fablica perante o Departamento de Pol\u00edcia Federal, visando ao provimento de cargos em comiss\u00e3o e a exonera\u00e7\u00e3o de seus ocupantes\u201d.<\/p>\n","protected":false},"excerpt":{"rendered":"<p>Foto: Marcello Casal Jr\/Ag\u00eancia Brasil Em depoimento \u00e0 Pol\u00edcia Federal, no \u00faltimo s\u00e1bado (2), o ex-ministro da Justi\u00e7a Sergio Moro afirmou que o presidente Jair&hellip; <\/p>\n","protected":false},"author":2,"featured_media":167349,"comment_status":"closed","ping_status":"closed","sticky":false,"template":"","format":"standard","meta":{"sfsi_plus_gutenberg_text_before_share":"","sfsi_plus_gutenberg_show_text_before_share":"","sfsi_plus_gutenberg_icon_type":"","sfsi_plus_gutenberg_icon_alignemt":"","sfsi_plus_gutenburg_max_per_row":"","footnotes":""},"categories":[2],"tags":[],"class_list":["post-167693","post","type-post","status-publish","format-standard","has-post-thumbnail","hentry","category-geral"],"_links":{"self":[{"href":"https:\/\/www.caririemacao.com\/1\/wp-json\/wp\/v2\/posts\/167693","targetHints":{"allow":["GET"]}}],"collection":[{"href":"https:\/\/www.caririemacao.com\/1\/wp-json\/wp\/v2\/posts"}],"about":[{"href":"https:\/\/www.caririemacao.com\/1\/wp-json\/wp\/v2\/types\/post"}],"author":[{"embeddable":true,"href":"https:\/\/www.caririemacao.com\/1\/wp-json\/wp\/v2\/users\/2"}],"replies":[{"embeddable":true,"href":"https:\/\/www.caririemacao.com\/1\/wp-json\/wp\/v2\/comments?post=167693"}],"version-history":[{"count":1,"href":"https:\/\/www.caririemacao.com\/1\/wp-json\/wp\/v2\/posts\/167693\/revisions"}],"predecessor-version":[{"id":167694,"href":"https:\/\/www.caririemacao.com\/1\/wp-json\/wp\/v2\/posts\/167693\/revisions\/167694"}],"wp:featuredmedia":[{"embeddable":true,"href":"https:\/\/www.caririemacao.com\/1\/wp-json\/wp\/v2\/media\/167349"}],"wp:attachment":[{"href":"https:\/\/www.caririemacao.com\/1\/wp-json\/wp\/v2\/media?parent=167693"}],"wp:term":[{"taxonomy":"category","embeddable":true,"href":"https:\/\/www.caririemacao.com\/1\/wp-json\/wp\/v2\/categories?post=167693"},{"taxonomy":"post_tag","embeddable":true,"href":"https:\/\/www.caririemacao.com\/1\/wp-json\/wp\/v2\/tags?post=167693"}],"curies":[{"name":"wp","href":"https:\/\/api.w.org\/{rel}","templated":true}]}}