{"id":167696,"date":"2020-05-06T07:47:18","date_gmt":"2020-05-06T10:47:18","guid":{"rendered":"https:\/\/www.caririemacao.com\/1\/?p=167696"},"modified":"2020-05-06T07:47:18","modified_gmt":"2020-05-06T10:47:18","slug":"a-confusao-do-dia-veja-bolsonaro-mandando-jornalista-calar-a-boca","status":"publish","type":"post","link":"https:\/\/www.caririemacao.com\/1\/2020\/05\/06\/a-confusao-do-dia-veja-bolsonaro-mandando-jornalista-calar-a-boca\/","title":{"rendered":"A confus\u00e3o do dia. Veja Bolsonaro mandando jornalista \u201ccalar a boca\u201d"},"content":{"rendered":"\n<h1 class=\"wp-block-heading\"><\/h1>\n\n\n\n<p>O presidente Jair Bolsonaro (sem partido) mandou rep\u00f3rteres calarem a boca na manh\u00e3 deste ter\u00e7a-feira (5) quando foi questionado sobre as recentes mudan\u00e7as na Pol\u00edcia Federal.<\/p>\n\n\n\n<p>Bolsonaro ainda atacou o jornal Folha de S\u00e3o Paulo, chamando o jornal de \u201ccanalha\u201d, \u201cpatife\u201d e \u201cmentiroso\u201d. Ele tamb\u00e9m mandou os jornalistas calarem a boca.<\/p>\n\n\n\n<p>Bolsonaro mostrou uma imagem que reproduzia a manchete da edi\u00e7\u00e3o imprensa do jornal desta ter\u00e7a-feira e, referindo-se \u00e0 manchete \u201cNovo diretor da PF assume e acata pedido de Bolsonaro\u201d, disse que interferiu na corpora\u00e7\u00e3o.<\/p>\n\n\n\n<p><a href=\"https:\/\/paraibaonline.com.br\/2020\/05\/bolsonaro-manda-reporteres-calarem-a-boca-e-chama-jornal-de-patife-e-canalha\/\">\u201cQue imprensa canalha a Folha de S\u00e3o Paulo. Canalha \u00e9 elogio para a Folha de S\u00e3o Paulo\u201d,<\/a>&nbsp;bradou o presidente.<\/p>\n\n\n\n<p>Veja as imagens:<\/p>\n\n\n\n<figure><iframe data-src=\"https:\/\/www.youtube.com\/embed\/KKalF3rL-go?feature=oembed\" allowfullscreen=\"\" src=\"data:image\/svg+xml;base64,PHN2ZyB3aWR0aD0iMSIgaGVpZ2h0PSIxIiB4bWxucz0iaHR0cDovL3d3dy53My5vcmcvMjAwMC9zdmciPjwvc3ZnPg==\" class=\"lazyload\" data-load-mode=\"1\"><\/iframe><\/figure>\n","protected":false},"excerpt":{"rendered":"<p>O presidente Jair Bolsonaro (sem partido) mandou rep\u00f3rteres calarem a boca na manh\u00e3 deste ter\u00e7a-feira (5) quando foi questionado sobre as recentes mudan\u00e7as na Pol\u00edcia&hellip; <\/p>\n","protected":false},"author":2,"featured_media":167697,"comment_status":"closed","ping_status":"closed","sticky":false,"template":"","format":"standard","meta":{"sfsi_plus_gutenberg_text_before_share":"","sfsi_plus_gutenberg_show_text_before_share":"","sfsi_plus_gutenberg_icon_type":"","sfsi_plus_gutenberg_icon_alignemt":"","sfsi_plus_gutenburg_max_per_row":"","footnotes":""},"categories":[2],"tags":[],"class_list":["post-167696","post","type-post","status-publish","format-standard","has-post-thumbnail","hentry","category-geral"],"_links":{"self":[{"href":"https:\/\/www.caririemacao.com\/1\/wp-json\/wp\/v2\/posts\/167696","targetHints":{"allow":["GET"]}}],"collection":[{"href":"https:\/\/www.caririemacao.com\/1\/wp-json\/wp\/v2\/posts"}],"about":[{"href":"https:\/\/www.caririemacao.com\/1\/wp-json\/wp\/v2\/types\/post"}],"author":[{"embeddable":true,"href":"https:\/\/www.caririemacao.com\/1\/wp-json\/wp\/v2\/users\/2"}],"replies":[{"embeddable":true,"href":"https:\/\/www.caririemacao.com\/1\/wp-json\/wp\/v2\/comments?post=167696"}],"version-history":[{"count":1,"href":"https:\/\/www.caririemacao.com\/1\/wp-json\/wp\/v2\/posts\/167696\/revisions"}],"predecessor-version":[{"id":167698,"href":"https:\/\/www.caririemacao.com\/1\/wp-json\/wp\/v2\/posts\/167696\/revisions\/167698"}],"wp:featuredmedia":[{"embeddable":true,"href":"https:\/\/www.caririemacao.com\/1\/wp-json\/wp\/v2\/media\/167697"}],"wp:attachment":[{"href":"https:\/\/www.caririemacao.com\/1\/wp-json\/wp\/v2\/media?parent=167696"}],"wp:term":[{"taxonomy":"category","embeddable":true,"href":"https:\/\/www.caririemacao.com\/1\/wp-json\/wp\/v2\/categories?post=167696"},{"taxonomy":"post_tag","embeddable":true,"href":"https:\/\/www.caririemacao.com\/1\/wp-json\/wp\/v2\/tags?post=167696"}],"curies":[{"name":"wp","href":"https:\/\/api.w.org\/{rel}","templated":true}]}}