{"id":167714,"date":"2020-05-06T08:29:37","date_gmt":"2020-05-06T11:29:37","guid":{"rendered":"https:\/\/www.caririemacao.com\/1\/?p=167714"},"modified":"2020-05-06T08:29:37","modified_gmt":"2020-05-06T11:29:37","slug":"prefeito-de-sao-jose-dos-cordeiros-participa-de-reuniao-virtual-com-secretarias-de-saude-e-assistencia-social","status":"publish","type":"post","link":"https:\/\/www.caririemacao.com\/1\/2020\/05\/06\/prefeito-de-sao-jose-dos-cordeiros-participa-de-reuniao-virtual-com-secretarias-de-saude-e-assistencia-social\/","title":{"rendered":"Prefeito de S\u00e3o Jos\u00e9 dos Cordeiros participa de reuni\u00e3o virtual com Secretarias de Sa\u00fade e Assist\u00eancia Social"},"content":{"rendered":"\n<p>O prefeito de S\u00e3o Jos\u00e9 dos Cordeiros, Jefferson Roberto, publicou em suas redes sociais um texto falando sobre uma reuni\u00e3o virtual que teve na \u00faltima ter\u00e7a-feira 05, de forma virtual com as Secretarias de Sa\u00fade e Assist\u00eancia Social. <\/p>\n\n\n\n<p>&#8220;Participamos ontem de reuni\u00e3o entre as secretarias de sa\u00fade e assist\u00eancia social onde planejamos a\u00e7\u00f5es em prol da nossa popula\u00e7\u00e3o que ser\u00e3o executadas essa semana ainda \u00e9 outras nos pr\u00f3ximos dias, todas para auxiliar no combate, orienta\u00e7\u00e3o e preven\u00e7\u00e3o ao covid. Estamos trabalhando todos os dias para que passemos essa pandemia com o menor preju\u00edzo poss\u00edvel a nossa popula\u00e7\u00e3o&#8221;, concluiu o prefeito<\/p>\n","protected":false},"excerpt":{"rendered":"<p>O prefeito de S\u00e3o Jos\u00e9 dos Cordeiros, Jefferson Roberto, publicou em suas redes sociais um texto falando sobre uma reuni\u00e3o virtual que teve na \u00faltima&hellip; <\/p>\n","protected":false},"author":1,"featured_media":167719,"comment_status":"closed","ping_status":"closed","sticky":false,"template":"","format":"standard","meta":{"sfsi_plus_gutenberg_text_before_share":"","sfsi_plus_gutenberg_show_text_before_share":"","sfsi_plus_gutenberg_icon_type":"","sfsi_plus_gutenberg_icon_alignemt":"","sfsi_plus_gutenburg_max_per_row":"","footnotes":""},"categories":[6,50],"tags":[],"class_list":["post-167714","post","type-post","status-publish","format-standard","has-post-thumbnail","hentry","category-cidades","category-destaque"],"_links":{"self":[{"href":"https:\/\/www.caririemacao.com\/1\/wp-json\/wp\/v2\/posts\/167714","targetHints":{"allow":["GET"]}}],"collection":[{"href":"https:\/\/www.caririemacao.com\/1\/wp-json\/wp\/v2\/posts"}],"about":[{"href":"https:\/\/www.caririemacao.com\/1\/wp-json\/wp\/v2\/types\/post"}],"author":[{"embeddable":true,"href":"https:\/\/www.caririemacao.com\/1\/wp-json\/wp\/v2\/users\/1"}],"replies":[{"embeddable":true,"href":"https:\/\/www.caririemacao.com\/1\/wp-json\/wp\/v2\/comments?post=167714"}],"version-history":[{"count":1,"href":"https:\/\/www.caririemacao.com\/1\/wp-json\/wp\/v2\/posts\/167714\/revisions"}],"predecessor-version":[{"id":167724,"href":"https:\/\/www.caririemacao.com\/1\/wp-json\/wp\/v2\/posts\/167714\/revisions\/167724"}],"wp:featuredmedia":[{"embeddable":true,"href":"https:\/\/www.caririemacao.com\/1\/wp-json\/wp\/v2\/media\/167719"}],"wp:attachment":[{"href":"https:\/\/www.caririemacao.com\/1\/wp-json\/wp\/v2\/media?parent=167714"}],"wp:term":[{"taxonomy":"category","embeddable":true,"href":"https:\/\/www.caririemacao.com\/1\/wp-json\/wp\/v2\/categories?post=167714"},{"taxonomy":"post_tag","embeddable":true,"href":"https:\/\/www.caririemacao.com\/1\/wp-json\/wp\/v2\/tags?post=167714"}],"curies":[{"name":"wp","href":"https:\/\/api.w.org\/{rel}","templated":true}]}}