{"id":167720,"date":"2020-05-06T08:28:48","date_gmt":"2020-05-06T11:28:48","guid":{"rendered":"https:\/\/www.caririemacao.com\/1\/?p=167720"},"modified":"2020-05-06T08:28:48","modified_gmt":"2020-05-06T11:28:48","slug":"mascaras-n95-compradas-na-paraiba-custaram-quase-a-metade-das-adquiridas-pelo-governo-federal","status":"publish","type":"post","link":"https:\/\/www.caririemacao.com\/1\/2020\/05\/06\/mascaras-n95-compradas-na-paraiba-custaram-quase-a-metade-das-adquiridas-pelo-governo-federal\/","title":{"rendered":"M\u00e1scaras N95 compradas na Para\u00edba custaram quase a metade das adquiridas pelo Governo Federal"},"content":{"rendered":"\n<h1 class=\"wp-block-heading\"><\/h1>\n\n\n\n<p>A Secretaria de Estado da Sa\u00fade da Para\u00edba divulgou em nota nesta ter\u00e7a-feira (5), informa\u00e7\u00f5es a respeito da compra de m\u00e1scaras N95 pelo governo do Estado.<\/p>\n\n\n\n<p>Confira a nota abaixo, na \u00edntegra:<\/p>\n\n\n\n<p><em>Sobre a recomenda\u00e7\u00e3o do Minist\u00e9rio P\u00fablico de Contas da Para\u00edba questionando o valor pago pela m\u00e1scara N95, a Secretaria de Estado da Sa\u00fade presta os seguintes esclarecimentos:<\/em><\/p>\n\n\n\n<p><em>1- Ocorreu muita dificuldade de reabastecimento de m\u00e1scaras N95 na Rede Hospitalar Estadual, inclusive atrav\u00e9s de Atas de Registro de Pre\u00e7o vigentes, cujos fornecedores se recusavam a entregar pelo pre\u00e7o registrado, tendo em vista a escassez dos produtos no mercado.&nbsp;<\/em><\/p>\n\n\n\n<p><em>2- No per\u00edodo entre 1 e 4 de abril, observamos quase que o esgotamento de m\u00e1scara N95 em toda a rede, onde a necessidade seria entre 27 e 30 mil unidades por m\u00eas, por\u00e9m neste per\u00edodo o somat\u00f3rio total do estoque encontrava-se em torno de 4.200 unidades na Para\u00edba. Constatou-se que nesta oportunidade 17 hospitais dentre os 32 da rede estavam com estoque zerado.<\/em><\/p>\n\n\n\n<p><em>3- A escassez de EPIs foi conhecida e sentida em todos os entes federados, principalmente no in\u00edcio da quarentena, de sorte que n\u00e3o h\u00e1 como se comparar os valores praticados em momentos distintos.<\/em><\/p>\n\n\n\n<p><em>4- A compra apontada foi efetivada em 6 de abril, momento em que os estoques de m\u00e1scara N95, essenciais para uso nas UTIs, estavam em momento cr\u00edtico e em desabastecimento internacional. Importante destacar tamb\u00e9m que neste per\u00edodo a Secretaria de Estado da Sa\u00fade realizou a\u00e7\u00e3o conjunta com o Minist\u00e9rio P\u00fablico Estadual, Secretaria de Estado da Fazenda, Pol\u00edcia Civil e Pol\u00edcia Militar, com objetivo de requisi\u00e7\u00e3o administrativa nas empresas fornecedoras de Equipamento de Prote\u00e7\u00e3o Individual nas cidades de Jo\u00e3o Pessoa e Campina Grande. E nenhuma delas dispunha de m\u00e1scaras N95 em seus estoques.&nbsp;<\/em><\/p>\n\n\n\n<p><em>5- A SES realizou processo de aquisi\u00e7\u00e3o de m\u00e1scaras no quantitativo necess\u00e1rio para abastecer a Rede Hospitalar Estadual, realizando tomada de pre\u00e7o com 7 empresas, por\u00e9m apenas uma delas com capacidade de fornecimento imediato, com a qual foi firmado o contrato de fornecimento e o produto entregue em 7 de Abril. Cabe destacar que outros \u00f3rg\u00e3os do Governo Federal, como Anvisa e Comando do Ex\u00e9rcito, realizaram compra de m\u00e1scaras N95 ao custo unit\u00e1rio de R$ 87,50&nbsp; e R$79,00, respectivamente, entre 20 de fevereiro e 25 de mar\u00e7o. Portanto bem superior ao valor de R$54,99 adquirido pela Secretaria de Sa\u00fade do Estado.&nbsp;<\/em><\/p>\n","protected":false},"excerpt":{"rendered":"<p>A Secretaria de Estado da Sa\u00fade da Para\u00edba divulgou em nota nesta ter\u00e7a-feira (5), informa\u00e7\u00f5es a respeito da compra de m\u00e1scaras N95 pelo governo do&hellip; <\/p>\n","protected":false},"author":2,"featured_media":167721,"comment_status":"closed","ping_status":"closed","sticky":false,"template":"","format":"standard","meta":{"sfsi_plus_gutenberg_text_before_share":"","sfsi_plus_gutenberg_show_text_before_share":"","sfsi_plus_gutenberg_icon_type":"","sfsi_plus_gutenberg_icon_alignemt":"","sfsi_plus_gutenburg_max_per_row":"","footnotes":""},"categories":[2],"tags":[],"class_list":["post-167720","post","type-post","status-publish","format-standard","has-post-thumbnail","hentry","category-geral"],"_links":{"self":[{"href":"https:\/\/www.caririemacao.com\/1\/wp-json\/wp\/v2\/posts\/167720","targetHints":{"allow":["GET"]}}],"collection":[{"href":"https:\/\/www.caririemacao.com\/1\/wp-json\/wp\/v2\/posts"}],"about":[{"href":"https:\/\/www.caririemacao.com\/1\/wp-json\/wp\/v2\/types\/post"}],"author":[{"embeddable":true,"href":"https:\/\/www.caririemacao.com\/1\/wp-json\/wp\/v2\/users\/2"}],"replies":[{"embeddable":true,"href":"https:\/\/www.caririemacao.com\/1\/wp-json\/wp\/v2\/comments?post=167720"}],"version-history":[{"count":1,"href":"https:\/\/www.caririemacao.com\/1\/wp-json\/wp\/v2\/posts\/167720\/revisions"}],"predecessor-version":[{"id":167722,"href":"https:\/\/www.caririemacao.com\/1\/wp-json\/wp\/v2\/posts\/167720\/revisions\/167722"}],"wp:featuredmedia":[{"embeddable":true,"href":"https:\/\/www.caririemacao.com\/1\/wp-json\/wp\/v2\/media\/167721"}],"wp:attachment":[{"href":"https:\/\/www.caririemacao.com\/1\/wp-json\/wp\/v2\/media?parent=167720"}],"wp:term":[{"taxonomy":"category","embeddable":true,"href":"https:\/\/www.caririemacao.com\/1\/wp-json\/wp\/v2\/categories?post=167720"},{"taxonomy":"post_tag","embeddable":true,"href":"https:\/\/www.caririemacao.com\/1\/wp-json\/wp\/v2\/tags?post=167720"}],"curies":[{"name":"wp","href":"https:\/\/api.w.org\/{rel}","templated":true}]}}