{"id":167734,"date":"2020-05-06T09:05:19","date_gmt":"2020-05-06T12:05:19","guid":{"rendered":"https:\/\/www.caririemacao.com\/1\/?p=167734"},"modified":"2020-05-06T09:05:19","modified_gmt":"2020-05-06T12:05:19","slug":"homem-que-transportava-cocaina-de-natal-para-recife-e-preso-pela-prf-proximo-de-barreira-sanitaria-na-paraiba","status":"publish","type":"post","link":"https:\/\/www.caririemacao.com\/1\/2020\/05\/06\/homem-que-transportava-cocaina-de-natal-para-recife-e-preso-pela-prf-proximo-de-barreira-sanitaria-na-paraiba\/","title":{"rendered":"Homem que transportava coca\u00edna de Natal para Recife \u00e9 preso pela PRF pr\u00f3ximo de barreira sanit\u00e1ria na Para\u00edba"},"content":{"rendered":"\n<h1 class=\"wp-block-heading\"><\/h1>\n\n\n\n<p>A Pol\u00edcia Rodovi\u00e1ria Federal na Para\u00edba prendeu um homem que transportava 1 kg de coca\u00edna. Ele foi capturado na barreira sanit\u00e1ria em Caapor\u00e3, na divisa entre a Para\u00edba e Pernambuco, na tarde desta ter\u00e7a-feira (5).<\/p>\n\n\n\n<p>A equipe da PRF realizava fiscaliza\u00e7\u00f5es nas proximidades da barreira sanit\u00e1ria instalada na divisa com Pernambuco, na BR-101, quando abordaram o ve\u00edculo conduzido por um homem de 26 anos.<\/p>\n\n\n\n<p>Segundo a Pol\u00edcia Rodovi\u00e1ria Federal, o jovem ficou muito nervoso no momento da abordagem, o que despertou a aten\u00e7\u00e3o dos policiais. Ao realizar uma fiscaliza\u00e7\u00e3o dentro do autom\u00f3vel, os policiais encontraram perto do banco do passageiro um tablete com subst\u00e2ncia an\u00e1loga \u00e0 coca\u00edna. Os policiais realizaram o teste com reagente para coca\u00edna e confirmaram que era uma por\u00e7\u00e3o da droga.<\/p>\n\n\n\n<p>O homem, que n\u00e3o possu\u00eda antecedentes criminais, informou aos policiais que levaria a droga de Natal para Recife, mas n\u00e3o soube explicar quem receberia e nem quem forneceu o entorpecente. Ele foi detido, encaminhado \u00e0 Pol\u00edcia Civil e dever\u00e1 responder por tr\u00e1fico de drogas.<\/p>\n","protected":false},"excerpt":{"rendered":"<p>A Pol\u00edcia Rodovi\u00e1ria Federal na Para\u00edba prendeu um homem que transportava 1 kg de coca\u00edna. Ele foi capturado na barreira sanit\u00e1ria em Caapor\u00e3, na divisa&hellip; <\/p>\n","protected":false},"author":2,"featured_media":167735,"comment_status":"closed","ping_status":"closed","sticky":false,"template":"","format":"standard","meta":{"sfsi_plus_gutenberg_text_before_share":"","sfsi_plus_gutenberg_show_text_before_share":"","sfsi_plus_gutenberg_icon_type":"","sfsi_plus_gutenberg_icon_alignemt":"","sfsi_plus_gutenburg_max_per_row":"","footnotes":""},"categories":[12],"tags":[],"class_list":["post-167734","post","type-post","status-publish","format-standard","has-post-thumbnail","hentry","category-policia"],"_links":{"self":[{"href":"https:\/\/www.caririemacao.com\/1\/wp-json\/wp\/v2\/posts\/167734","targetHints":{"allow":["GET"]}}],"collection":[{"href":"https:\/\/www.caririemacao.com\/1\/wp-json\/wp\/v2\/posts"}],"about":[{"href":"https:\/\/www.caririemacao.com\/1\/wp-json\/wp\/v2\/types\/post"}],"author":[{"embeddable":true,"href":"https:\/\/www.caririemacao.com\/1\/wp-json\/wp\/v2\/users\/2"}],"replies":[{"embeddable":true,"href":"https:\/\/www.caririemacao.com\/1\/wp-json\/wp\/v2\/comments?post=167734"}],"version-history":[{"count":1,"href":"https:\/\/www.caririemacao.com\/1\/wp-json\/wp\/v2\/posts\/167734\/revisions"}],"predecessor-version":[{"id":167736,"href":"https:\/\/www.caririemacao.com\/1\/wp-json\/wp\/v2\/posts\/167734\/revisions\/167736"}],"wp:featuredmedia":[{"embeddable":true,"href":"https:\/\/www.caririemacao.com\/1\/wp-json\/wp\/v2\/media\/167735"}],"wp:attachment":[{"href":"https:\/\/www.caririemacao.com\/1\/wp-json\/wp\/v2\/media?parent=167734"}],"wp:term":[{"taxonomy":"category","embeddable":true,"href":"https:\/\/www.caririemacao.com\/1\/wp-json\/wp\/v2\/categories?post=167734"},{"taxonomy":"post_tag","embeddable":true,"href":"https:\/\/www.caririemacao.com\/1\/wp-json\/wp\/v2\/tags?post=167734"}],"curies":[{"name":"wp","href":"https:\/\/api.w.org\/{rel}","templated":true}]}}