{"id":167738,"date":"2020-05-06T09:11:02","date_gmt":"2020-05-06T12:11:02","guid":{"rendered":"https:\/\/www.caririemacao.com\/1\/?p=167738"},"modified":"2020-05-06T09:11:02","modified_gmt":"2020-05-06T12:11:02","slug":"apresentador-de-afiliada-do-sbt-esta-com-coronavirus-estou-isolado-no-quarto","status":"publish","type":"post","link":"https:\/\/www.caririemacao.com\/1\/2020\/05\/06\/apresentador-de-afiliada-do-sbt-esta-com-coronavirus-estou-isolado-no-quarto\/","title":{"rendered":"Apresentador de afiliada do SBT est\u00e1 com coronav\u00edrus: &#8220;estou isolado no quarto&#8221;"},"content":{"rendered":"\n<h1 class=\"wp-block-heading\"><\/h1>\n\n\n\n<p>Ciro Bezerra, apresentador da TV Jornal, afiliada do SBT no Recife, usou a sua rede social nesta segunda-feira (04) para anunciar que testou positivo para o novo coronav\u00edrus.<\/p>\n\n\n\n<p>&#8220;Oi, todo mundo. Testei positivo para C19. J\u00e1 estou no 10\u00b0 dia de isolamento total e seguindo as orienta\u00e7\u00f5es m\u00e9dicas. Foram momentos muito ruins. Agora, estou bem e contando as horas pra voltar. Muito obrigado a todos. A m\u00e1xima continua\u2026 se voc\u00ea puder, fique em casa. Viva. Estou h\u00e1 10 dias isolado no meu quarto, n\u00e3o saio para nada. Muita febre, dor de cabe\u00e7a, congest\u00e3o nasal, o corpo \u2018mo\u00eddo\u2019 de dores. Tem noite que eu n\u00e3o consegui dormir&#8221;, escreveu o jornalista na publica\u00e7\u00e3o.<\/p>\n\n\n\n<p>Bezerra ainda falou sobre os profissionais de sa\u00fade e deu uma dica para a popula\u00e7\u00e3o neste momento de pandemia.<\/p>\n\n\n\n<p>\u201cVou desejar aos profissionais de sa\u00fade f\u00e9 em Deus, para que voc\u00eas possam vencer essa barra que \u00e9 muito dif\u00edcil, eu sei, e obrigado, porque voc\u00eas s\u00e3o verdadeiros her\u00f3is. E voc\u00ea que precisa sair de casa para trabalhar, \u00e9 sair estritamente o necess\u00e1rio e voltar para casa, tomar os cuidados necess\u00e1rios, porque isso n\u00e3o \u00e9 brinquedo\u201d, concluiu ele.<\/p>\n\n\n\n<p><strong>Confira a publica\u00e7\u00e3o do apresentador em seu perfil no Instagram<\/strong><\/p>\n\n\n\n<figure><iframe data-src=\"https:\/\/www.instagram.com\/p\/B_xO313jm4t\/embed\/captioned\/?cr=1&amp;v=12&amp;wp=675&amp;rd=https%3A%2F%2Fwww.clickpb.com.br&amp;rp=%2Fadmin%2Fportal%2Fportalarticle%2Fadd%2F#%7B%22ci%22%3A0%2C%22os%22%3A94530.08499997668%2C%22ls%22%3A94492.4249999458%2C%22le%22%3A94521.87499997672%7D\" allowfullscreen=\"true\" height=\"702\" src=\"data:image\/svg+xml;base64,PHN2ZyB3aWR0aD0iMSIgaGVpZ2h0PSIxIiB4bWxucz0iaHR0cDovL3d3dy53My5vcmcvMjAwMC9zdmciPjwvc3ZnPg==\" class=\"lazyload\" data-load-mode=\"1\"><\/iframe><\/figure>\n","protected":false},"excerpt":{"rendered":"<p>Ciro Bezerra, apresentador da TV Jornal, afiliada do SBT no Recife, usou a sua rede social nesta segunda-feira (04) para anunciar que testou positivo para&hellip; <\/p>\n","protected":false},"author":2,"featured_media":167739,"comment_status":"closed","ping_status":"closed","sticky":false,"template":"","format":"standard","meta":{"sfsi_plus_gutenberg_text_before_share":"","sfsi_plus_gutenberg_show_text_before_share":"","sfsi_plus_gutenberg_icon_type":"","sfsi_plus_gutenberg_icon_alignemt":"","sfsi_plus_gutenburg_max_per_row":"","footnotes":""},"categories":[2],"tags":[],"class_list":["post-167738","post","type-post","status-publish","format-standard","has-post-thumbnail","hentry","category-geral"],"_links":{"self":[{"href":"https:\/\/www.caririemacao.com\/1\/wp-json\/wp\/v2\/posts\/167738","targetHints":{"allow":["GET"]}}],"collection":[{"href":"https:\/\/www.caririemacao.com\/1\/wp-json\/wp\/v2\/posts"}],"about":[{"href":"https:\/\/www.caririemacao.com\/1\/wp-json\/wp\/v2\/types\/post"}],"author":[{"embeddable":true,"href":"https:\/\/www.caririemacao.com\/1\/wp-json\/wp\/v2\/users\/2"}],"replies":[{"embeddable":true,"href":"https:\/\/www.caririemacao.com\/1\/wp-json\/wp\/v2\/comments?post=167738"}],"version-history":[{"count":1,"href":"https:\/\/www.caririemacao.com\/1\/wp-json\/wp\/v2\/posts\/167738\/revisions"}],"predecessor-version":[{"id":167740,"href":"https:\/\/www.caririemacao.com\/1\/wp-json\/wp\/v2\/posts\/167738\/revisions\/167740"}],"wp:featuredmedia":[{"embeddable":true,"href":"https:\/\/www.caririemacao.com\/1\/wp-json\/wp\/v2\/media\/167739"}],"wp:attachment":[{"href":"https:\/\/www.caririemacao.com\/1\/wp-json\/wp\/v2\/media?parent=167738"}],"wp:term":[{"taxonomy":"category","embeddable":true,"href":"https:\/\/www.caririemacao.com\/1\/wp-json\/wp\/v2\/categories?post=167738"},{"taxonomy":"post_tag","embeddable":true,"href":"https:\/\/www.caririemacao.com\/1\/wp-json\/wp\/v2\/tags?post=167738"}],"curies":[{"name":"wp","href":"https:\/\/api.w.org\/{rel}","templated":true}]}}