{"id":167742,"date":"2020-05-06T09:15:19","date_gmt":"2020-05-06T12:15:19","guid":{"rendered":"https:\/\/www.caririemacao.com\/1\/?p=167742"},"modified":"2020-05-06T09:15:19","modified_gmt":"2020-05-06T12:15:19","slug":"funcionario-do-ministerio-da-mulher-e-da-familia-envolvido-em-agressao-a-enfermeiras-e-demitido","status":"publish","type":"post","link":"https:\/\/www.caririemacao.com\/1\/2020\/05\/06\/funcionario-do-ministerio-da-mulher-e-da-familia-envolvido-em-agressao-a-enfermeiras-e-demitido\/","title":{"rendered":"Funcion\u00e1rio do Minist\u00e9rio da Mulher e da Fam\u00edlia envolvido em agress\u00e3o a enfermeiras \u00e9 demitido"},"content":{"rendered":"\n<h1 class=\"wp-block-heading\"><\/h1>\n\n\n\n<p>O Minist\u00e9rio da Mulher da Fam\u00edlia e dos Direitos Humanos anunciou hoje (5) que Renan da Silva Sena n\u00e3o faz mais parte da equipe de prestadores de servi\u00e7os terceirizados da pasta. Sena foi identificado como um dos participantes de aborgadens violentas a profissionais de sa\u00fade que participavam de uma manifesta\u00e7\u00e3o na \u00faltima sexta-feira, 1\u00b0 de maio, na Pra\u00e7a dos Tr\u00eas Poderes em Bras\u00edlia.&nbsp;<\/p>\n\n\n\n<p>De acordo com o minist\u00e9rio, ele foi contratado no dia 5 de fevereiro, como prestador da empresa G4F e que, portanto, n\u00e3o h\u00e1 qualquer v\u00ednculo direto com administra\u00e7\u00e3o p\u00fablica federal. O \u00f3rg\u00e3o afirmou ainda que ele atuava como assistente t\u00e9cnico administrativo na Coordena\u00e7\u00e3o-Geral de Assuntos Socioeducativos, onde cumpriu as tarefas demandadas at\u00e9 6 de abril. A partir desse dia, o funcion\u00e1rio, que estava em trabalho remoto diante da pandemia, deixou de responder todas as tentativas de contatos telef\u00f4nicos e e-mails da unidade. Diante disso, segunda nota, o minist\u00e9rio informou \u00e0 empresa sobre a aus\u00eancia de Renan.<\/p>\n\n\n\n<p>O MMFDH disse que a empresa conseguiu contato com Sena no dia 23 de abril, dia em que \u00f3rg\u00e3o pediu a substitui\u00e7\u00e3o do funcion\u00e1rio. O minsit\u00e9rio afirma que a efetiva\u00e7\u00e3o da rescis\u00e3o contratual foi conclu\u00edda no \u00faltimo dia 4 de maio.<\/p>\n\n\n\n<p>Ainda na nota, o MMFDH ressalta que repudia qualquer ato de viol\u00eancia e agress\u00e3o, &#8220;principalmente contra profissionais de sa\u00fade em um momento que eles devem ser ainda mais respeitados e valorizados&#8221;.<\/p>\n\n\n\n<p><strong>Sobre o ato&nbsp;<\/strong><\/p>\n\n\n\n<p>No dia 1\u00b0 de maio, enfermeiros e outros profissionais da sa\u00fade participavam de um ato na Pra\u00e7a dos Tr\u00eas Poderes, em Bras\u00edlia, O ato era em homenagem aos profissionais que trabalham na linha de frente no combate \u00e0 covid-19 e destacava a import\u00e2ncia do isolamento social. Imagens divulgadas em redes sociais mostram o momento em que Sena hostiliza parte do grupo que participava do manifesta\u00e7\u00e3o na pra\u00e7a.&nbsp;<\/p>\n","protected":false},"excerpt":{"rendered":"<p>O Minist\u00e9rio da Mulher da Fam\u00edlia e dos Direitos Humanos anunciou hoje (5) que Renan da Silva Sena n\u00e3o faz mais parte da equipe de&hellip; <\/p>\n","protected":false},"author":2,"featured_media":167743,"comment_status":"closed","ping_status":"closed","sticky":false,"template":"","format":"standard","meta":{"sfsi_plus_gutenberg_text_before_share":"","sfsi_plus_gutenberg_show_text_before_share":"","sfsi_plus_gutenberg_icon_type":"","sfsi_plus_gutenberg_icon_alignemt":"","sfsi_plus_gutenburg_max_per_row":"","footnotes":""},"categories":[2],"tags":[],"class_list":["post-167742","post","type-post","status-publish","format-standard","has-post-thumbnail","hentry","category-geral"],"_links":{"self":[{"href":"https:\/\/www.caririemacao.com\/1\/wp-json\/wp\/v2\/posts\/167742","targetHints":{"allow":["GET"]}}],"collection":[{"href":"https:\/\/www.caririemacao.com\/1\/wp-json\/wp\/v2\/posts"}],"about":[{"href":"https:\/\/www.caririemacao.com\/1\/wp-json\/wp\/v2\/types\/post"}],"author":[{"embeddable":true,"href":"https:\/\/www.caririemacao.com\/1\/wp-json\/wp\/v2\/users\/2"}],"replies":[{"embeddable":true,"href":"https:\/\/www.caririemacao.com\/1\/wp-json\/wp\/v2\/comments?post=167742"}],"version-history":[{"count":1,"href":"https:\/\/www.caririemacao.com\/1\/wp-json\/wp\/v2\/posts\/167742\/revisions"}],"predecessor-version":[{"id":167744,"href":"https:\/\/www.caririemacao.com\/1\/wp-json\/wp\/v2\/posts\/167742\/revisions\/167744"}],"wp:featuredmedia":[{"embeddable":true,"href":"https:\/\/www.caririemacao.com\/1\/wp-json\/wp\/v2\/media\/167743"}],"wp:attachment":[{"href":"https:\/\/www.caririemacao.com\/1\/wp-json\/wp\/v2\/media?parent=167742"}],"wp:term":[{"taxonomy":"category","embeddable":true,"href":"https:\/\/www.caririemacao.com\/1\/wp-json\/wp\/v2\/categories?post=167742"},{"taxonomy":"post_tag","embeddable":true,"href":"https:\/\/www.caririemacao.com\/1\/wp-json\/wp\/v2\/tags?post=167742"}],"curies":[{"name":"wp","href":"https:\/\/api.w.org\/{rel}","templated":true}]}}