{"id":167751,"date":"2020-05-06T12:30:26","date_gmt":"2020-05-06T15:30:26","guid":{"rendered":"https:\/\/www.caririemacao.com\/1\/?p=167751"},"modified":"2020-05-06T12:30:26","modified_gmt":"2020-05-06T15:30:26","slug":"bolsonaro-revela-conversa-com-moro-e-acusa-ex-ministro-de-vazamentos","status":"publish","type":"post","link":"https:\/\/www.caririemacao.com\/1\/2020\/05\/06\/bolsonaro-revela-conversa-com-moro-e-acusa-ex-ministro-de-vazamentos\/","title":{"rendered":"Bolsonaro revela conversa com Moro e acusa ex-ministro de vazamentos"},"content":{"rendered":"\n<p>O presidente Jair Bolsonaro mostrou a jornalistas, na tarde desta\u00a0ter\u00e7a-feira (5), o trecho de uma troca de mensagens dele com o ex-ministro Sergio Moro, por aplicativo de celular, para comprovar que ele n\u00e3o estava tentando interferir na Pol\u00edcia Federal (PF). Ele tamb\u00e9m disse que o\u00a0ex-ministro divulgou informa\u00e7\u00f5es reservadas do governo para a imprensa. Moro\u00a0deixou\u00a0o cargo de ministro da Justi\u00e7a sob a justificativa de que o\u00a0presidente estaria tentando interferir na PF com objetivos pol\u00edticos.\u00a0<\/p>\n\n\n\n<p>&#8220;O Sergio Moro foi correndo entregar o telefone para a Globo. Inclusive, ele tinha pe\u00e7as de relat\u00f3rios pessoais de coisas que eu passava para ele. Entregar para a Globo isso? Isso \u00e9 um crime federal, talvez em curso na Lei de Seguran\u00e7a Nacional&#8221;, afirmou o presidente na entrada do Pal\u00e1cio da&nbsp;Alvorada, resid\u00eancia oficial. O presidente se referia a&nbsp;uma troca de mensagens revelada pelo ex-ministro ao&nbsp;<em>Jornal Nacional<\/em>, da TV Globo, no \u00faltimo dia&nbsp;24 de abril. De acordo com a reportagem da emissora, o presidente teria enviado uma mat\u00e9ria do site O Antagonista para o ex-ministro para justificar o pedido de&nbsp;troca de comando da Pol\u00edcia Federal.&nbsp;A mat\u00e9ria do site falava sobre a investiga\u00e7\u00e3o, em inqu\u00e9rito no Supremo Tribunal Federal (STF), de &#8220;10 a 12&#8221; parlamentares aliados do governo. &nbsp;<\/p>\n\n\n\n<p>&#8220;Isso [a reportagem]&nbsp;realmente eu passei pra ele&#8221;, disse o presidente. Em seguida, ele mostrou parte da troca de mensagem entre os dois na qual Sergio Moro classifica como &#8220;fofoca&#8221; a not\u00edcia sobre a investiga\u00e7\u00e3o de parlamentares aliados do presidente. &#8220;\u00c9 sinal que ele teve acesso ao processo, e diz que \u00e9 fofoca&#8221;, acrescentou o presidente.&nbsp;<\/p>\n\n\n\n<p>Bolsonaro tamb\u00e9m disse que o ex-ministro vazava informa\u00e7\u00f5es que poderiam&nbsp;ter&nbsp;car\u00e1ter&nbsp;confidencial. &#8220;Eu confiava nele, tanto \u00e9 que passava passava extrato de informa\u00e7\u00f5es com chefes de Estado e com intelig\u00eancia de fora do Brasil&#8221;.<\/p>\n","protected":false},"excerpt":{"rendered":"<p>O presidente Jair Bolsonaro mostrou a jornalistas, na tarde desta\u00a0ter\u00e7a-feira (5), o trecho de uma troca de mensagens dele com o ex-ministro Sergio Moro, por&hellip; <\/p>\n","protected":false},"author":2,"featured_media":167697,"comment_status":"closed","ping_status":"closed","sticky":false,"template":"","format":"standard","meta":{"sfsi_plus_gutenberg_text_before_share":"","sfsi_plus_gutenberg_show_text_before_share":"","sfsi_plus_gutenberg_icon_type":"","sfsi_plus_gutenberg_icon_alignemt":"","sfsi_plus_gutenburg_max_per_row":"","footnotes":""},"categories":[11],"tags":[],"class_list":["post-167751","post","type-post","status-publish","format-standard","has-post-thumbnail","hentry","category-politica"],"_links":{"self":[{"href":"https:\/\/www.caririemacao.com\/1\/wp-json\/wp\/v2\/posts\/167751","targetHints":{"allow":["GET"]}}],"collection":[{"href":"https:\/\/www.caririemacao.com\/1\/wp-json\/wp\/v2\/posts"}],"about":[{"href":"https:\/\/www.caririemacao.com\/1\/wp-json\/wp\/v2\/types\/post"}],"author":[{"embeddable":true,"href":"https:\/\/www.caririemacao.com\/1\/wp-json\/wp\/v2\/users\/2"}],"replies":[{"embeddable":true,"href":"https:\/\/www.caririemacao.com\/1\/wp-json\/wp\/v2\/comments?post=167751"}],"version-history":[{"count":1,"href":"https:\/\/www.caririemacao.com\/1\/wp-json\/wp\/v2\/posts\/167751\/revisions"}],"predecessor-version":[{"id":167752,"href":"https:\/\/www.caririemacao.com\/1\/wp-json\/wp\/v2\/posts\/167751\/revisions\/167752"}],"wp:featuredmedia":[{"embeddable":true,"href":"https:\/\/www.caririemacao.com\/1\/wp-json\/wp\/v2\/media\/167697"}],"wp:attachment":[{"href":"https:\/\/www.caririemacao.com\/1\/wp-json\/wp\/v2\/media?parent=167751"}],"wp:term":[{"taxonomy":"category","embeddable":true,"href":"https:\/\/www.caririemacao.com\/1\/wp-json\/wp\/v2\/categories?post=167751"},{"taxonomy":"post_tag","embeddable":true,"href":"https:\/\/www.caririemacao.com\/1\/wp-json\/wp\/v2\/tags?post=167751"}],"curies":[{"name":"wp","href":"https:\/\/api.w.org\/{rel}","templated":true}]}}