{"id":167758,"date":"2020-05-06T12:36:47","date_gmt":"2020-05-06T15:36:47","guid":{"rendered":"https:\/\/www.caririemacao.com\/1\/?p=167758"},"modified":"2020-05-06T12:36:47","modified_gmt":"2020-05-06T15:36:47","slug":"proxima-vitima-regina-duarte-disse-que-pode-ser-demitida-por-bolsonaro","status":"publish","type":"post","link":"https:\/\/www.caririemacao.com\/1\/2020\/05\/06\/proxima-vitima-regina-duarte-disse-que-pode-ser-demitida-por-bolsonaro\/","title":{"rendered":"PR\u00d3XIMA V\u00cdTIMA: Regina Duarte disse que pode ser demitida por Bolsonaro"},"content":{"rendered":"\n<p>A secret\u00e1ria especial de Cultura do governo de Jair Bolsonaro, Regina Duarte, em conversa com uma assessora ouvida pela reportagem da\u00a0Revista Cruso\u00e9, disse acreditar que seria dispensada pelo presidente. Ela se referia \u00e0 recondu\u00e7\u00e3o do olavista Dante Mantovani, demitido por ela, \u00e0 presid\u00eancia da Funarte. A nomea\u00e7\u00e3o dele consta na edi\u00e7\u00e3o de hoje do Di\u00e1rio Oficial da Uni\u00e3o.<\/p>\n\n\n\n<p>\u201cQue loucura isso, que loucura. Eu acho que ele [Bolsonaro] est\u00e1 me dispensando\u201d, afirmou a secret\u00e1ria especial da Cultura.<\/p>\n\n\n\n<p>A Revista disse ter ouvido a conversa de Regina com a assessora ao telefonar para a servidora que atendeu a um telefonema da secret\u00e1ria ao mesmo tempo que estava com a reportagem em outra linha.<\/p>\n\n\n\n<p>Depois, Regina e sua assessoria disseram que o di\u00e1logo era privado e que a secret\u00e1ria se encontraria ainda hoje com o presidente da Rep\u00fablica.<\/p>\n\n\n\n<p>Fonte: Revista Cruso\u00e9<\/p>\n","protected":false},"excerpt":{"rendered":"<p>A secret\u00e1ria especial de Cultura do governo de Jair Bolsonaro, Regina Duarte, em conversa com uma assessora ouvida pela reportagem da\u00a0Revista Cruso\u00e9, disse acreditar que&hellip; <\/p>\n","protected":false},"author":2,"featured_media":167147,"comment_status":"closed","ping_status":"closed","sticky":false,"template":"","format":"standard","meta":{"sfsi_plus_gutenberg_text_before_share":"","sfsi_plus_gutenberg_show_text_before_share":"","sfsi_plus_gutenberg_icon_type":"","sfsi_plus_gutenberg_icon_alignemt":"","sfsi_plus_gutenburg_max_per_row":"","footnotes":""},"categories":[11],"tags":[],"class_list":["post-167758","post","type-post","status-publish","format-standard","has-post-thumbnail","hentry","category-politica"],"_links":{"self":[{"href":"https:\/\/www.caririemacao.com\/1\/wp-json\/wp\/v2\/posts\/167758","targetHints":{"allow":["GET"]}}],"collection":[{"href":"https:\/\/www.caririemacao.com\/1\/wp-json\/wp\/v2\/posts"}],"about":[{"href":"https:\/\/www.caririemacao.com\/1\/wp-json\/wp\/v2\/types\/post"}],"author":[{"embeddable":true,"href":"https:\/\/www.caririemacao.com\/1\/wp-json\/wp\/v2\/users\/2"}],"replies":[{"embeddable":true,"href":"https:\/\/www.caririemacao.com\/1\/wp-json\/wp\/v2\/comments?post=167758"}],"version-history":[{"count":1,"href":"https:\/\/www.caririemacao.com\/1\/wp-json\/wp\/v2\/posts\/167758\/revisions"}],"predecessor-version":[{"id":167759,"href":"https:\/\/www.caririemacao.com\/1\/wp-json\/wp\/v2\/posts\/167758\/revisions\/167759"}],"wp:featuredmedia":[{"embeddable":true,"href":"https:\/\/www.caririemacao.com\/1\/wp-json\/wp\/v2\/media\/167147"}],"wp:attachment":[{"href":"https:\/\/www.caririemacao.com\/1\/wp-json\/wp\/v2\/media?parent=167758"}],"wp:term":[{"taxonomy":"category","embeddable":true,"href":"https:\/\/www.caririemacao.com\/1\/wp-json\/wp\/v2\/categories?post=167758"},{"taxonomy":"post_tag","embeddable":true,"href":"https:\/\/www.caririemacao.com\/1\/wp-json\/wp\/v2\/tags?post=167758"}],"curies":[{"name":"wp","href":"https:\/\/api.w.org\/{rel}","templated":true}]}}