{"id":167761,"date":"2020-05-06T12:38:21","date_gmt":"2020-05-06T15:38:21","guid":{"rendered":"https:\/\/www.caririemacao.com\/1\/?p=167761"},"modified":"2020-05-06T12:38:21","modified_gmt":"2020-05-06T15:38:21","slug":"video-acude-de-boqueirao-atinge-mais-de-70-da-capacidade-total","status":"publish","type":"post","link":"https:\/\/www.caririemacao.com\/1\/2020\/05\/06\/video-acude-de-boqueirao-atinge-mais-de-70-da-capacidade-total\/","title":{"rendered":"V\u00eddeo: A\u00e7ude de Boqueir\u00e3o atinge mais de 70% da capacidade total"},"content":{"rendered":"\n<p>As \u00e1guas do A\u00e7ude Epit\u00e1cio Pessoa, na cidade de Boqueir\u00e3o, no Cariri paraibano, atingiram nesta quarta-feira (6), 70,14% de sua capacidade. Com essa situa\u00e7\u00e3o, o reservat\u00f3rio est\u00e1 hoje com 327.225.452 metros c\u00fabicos de \u00e1gua armazenada. Os dados s\u00e3o do Departamento Nacional de Obras Contra as Secas (Dnocs).<\/p>\n\n\n\n<p>Em 2017, o a\u00e7ude de Boqueir\u00e3o chegou a atingir 2% da capacidade total, situa\u00e7\u00e3o que fez Campina Grande e outras cidades abastecidas pelas \u00e1guas do manancial adotarem medidas de racionamento.<\/p>\n\n\n\n<p>,O manancial sangrou pela \u00faltima vez em 2011 e j\u00e1 registrou, pelo menos, 18 sangrias. Elas foram notificadas nos anos de 1967, 1968, 1973, 1974, 1975, 1976, 1978, 198, 1984, 1985, 1986, 1989, 1999, 2004, 2005, 2006, 2008, 2009 e 2011.<\/p>\n\n\n\n<p>Os a\u00e7udes de Por\u00e7\u00f5es, em Monteiro, Camala\u00fa e o a\u00e7ude do Congo continuam sagrando e desaguando no Rio Para\u00edba, que por sua vez desemboca no A\u00e7ude de Boqueir\u00e3o.<\/p>\n\n\n\n<p><strong>Veja o v\u00eddeo:<\/strong><\/p>\n\n\n\n<figure><iframe data-src=\"https:\/\/www.youtube.com\/embed\/9XIfNZj32Y8?version=3&amp;rel=1&amp;fs=1&amp;autohide=2&amp;showsearch=0&amp;showinfo=1&amp;iv_load_policy=1&amp;wmode=transparent\" allowfullscreen=\"true\" src=\"data:image\/svg+xml;base64,PHN2ZyB3aWR0aD0iMSIgaGVpZ2h0PSIxIiB4bWxucz0iaHR0cDovL3d3dy53My5vcmcvMjAwMC9zdmciPjwvc3ZnPg==\" class=\"lazyload\" data-load-mode=\"1\"><\/iframe><\/figure>\n\n\n\n<p><strong>Blog do Bruno Lira<\/strong><\/p>\n","protected":false},"excerpt":{"rendered":"<p>As \u00e1guas do A\u00e7ude Epit\u00e1cio Pessoa, na cidade de Boqueir\u00e3o, no Cariri paraibano, atingiram nesta quarta-feira (6), 70,14% de sua capacidade. Com essa situa\u00e7\u00e3o, o&hellip; <\/p>\n","protected":false},"author":2,"featured_media":156020,"comment_status":"closed","ping_status":"closed","sticky":false,"template":"","format":"standard","meta":{"sfsi_plus_gutenberg_text_before_share":"","sfsi_plus_gutenberg_show_text_before_share":"","sfsi_plus_gutenberg_icon_type":"","sfsi_plus_gutenberg_icon_alignemt":"","sfsi_plus_gutenburg_max_per_row":"","footnotes":""},"categories":[6],"tags":[],"class_list":["post-167761","post","type-post","status-publish","format-standard","has-post-thumbnail","hentry","category-cidades"],"_links":{"self":[{"href":"https:\/\/www.caririemacao.com\/1\/wp-json\/wp\/v2\/posts\/167761","targetHints":{"allow":["GET"]}}],"collection":[{"href":"https:\/\/www.caririemacao.com\/1\/wp-json\/wp\/v2\/posts"}],"about":[{"href":"https:\/\/www.caririemacao.com\/1\/wp-json\/wp\/v2\/types\/post"}],"author":[{"embeddable":true,"href":"https:\/\/www.caririemacao.com\/1\/wp-json\/wp\/v2\/users\/2"}],"replies":[{"embeddable":true,"href":"https:\/\/www.caririemacao.com\/1\/wp-json\/wp\/v2\/comments?post=167761"}],"version-history":[{"count":1,"href":"https:\/\/www.caririemacao.com\/1\/wp-json\/wp\/v2\/posts\/167761\/revisions"}],"predecessor-version":[{"id":167762,"href":"https:\/\/www.caririemacao.com\/1\/wp-json\/wp\/v2\/posts\/167761\/revisions\/167762"}],"wp:featuredmedia":[{"embeddable":true,"href":"https:\/\/www.caririemacao.com\/1\/wp-json\/wp\/v2\/media\/156020"}],"wp:attachment":[{"href":"https:\/\/www.caririemacao.com\/1\/wp-json\/wp\/v2\/media?parent=167761"}],"wp:term":[{"taxonomy":"category","embeddable":true,"href":"https:\/\/www.caririemacao.com\/1\/wp-json\/wp\/v2\/categories?post=167761"},{"taxonomy":"post_tag","embeddable":true,"href":"https:\/\/www.caririemacao.com\/1\/wp-json\/wp\/v2\/tags?post=167761"}],"curies":[{"name":"wp","href":"https:\/\/api.w.org\/{rel}","templated":true}]}}