{"id":167764,"date":"2020-05-07T09:00:00","date_gmt":"2020-05-07T12:00:00","guid":{"rendered":"https:\/\/www.caririemacao.com\/1\/?p=167764"},"modified":"2020-05-07T09:27:36","modified_gmt":"2020-05-07T12:27:36","slug":"deputado-wellington-roberto-destina-r-1-milhao-para-hospital-de-sume","status":"publish","type":"post","link":"https:\/\/www.caririemacao.com\/1\/2020\/05\/07\/deputado-wellington-roberto-destina-r-1-milhao-para-hospital-de-sume\/","title":{"rendered":"Deputado Wellington Roberto destina R$ 1 milh\u00e3o para Hospital de Sum\u00e9"},"content":{"rendered":"\n<p>O deputado federal Wellington Roberto (PL\/PB) mais uma vez destina recursos para o munic\u00edpio de Sum\u00e9. Os recursos chegados s\u00e3o no valor de R$ 1 milh\u00e3o para o Hospital e Maternidade Alice de Almeida que ser\u00e3o utilizados para ajudar na manuten\u00e7\u00e3o da institui\u00e7\u00e3o.<\/p>\n\n\n\n<p>O prefeito \u00c9den Duarte agradeceu ao deputado pelos recursos chegados em boa hora e enalteceu o grande empenho de Wellington Roberto para com o munic\u00edpio. Recentemente, o deputado j\u00e1 havia destinado R$ 1 milh\u00e3o para compras de equipamentos do hospital.<\/p>\n\n\n\n<p>\u00c9den disse que as receitas para a manuten\u00e7\u00e3o do hospital de Sum\u00e9 s\u00e3o deficit\u00e1rias, ou seja, o munic\u00edpio gasta mais do que arrecada para manter a institui\u00e7\u00e3o funcionando. \u201cComo os repasses para o hospital n\u00e3o chegam a R$ 140 mil por m\u00eas, as emendas de Wellington s\u00e3o fundamentais para a manuten\u00e7\u00e3o e operacionaliza\u00e7\u00e3o da unidade hospitalar\u201d, acrescentou.<\/p>\n\n\n\n<div class=\"wp-block-image\"><figure class=\"alignright\"><a href=\"https:\/\/www.sume.pb.gov.br\/wp-content\/uploads\/2020\/05\/WhatsApp-Image-2020-05-06-at-10.42.10.jpeg\"><img decoding=\"async\" data-src=\"https:\/\/www.sume.pb.gov.br\/wp-content\/uploads\/2020\/05\/WhatsApp-Image-2020-05-06-at-10.42.10-300x225.jpeg\" alt=\"\" class=\"wp-image-10024 lazyload\" src=\"data:image\/svg+xml;base64,PHN2ZyB3aWR0aD0iMSIgaGVpZ2h0PSIxIiB4bWxucz0iaHR0cDovL3d3dy53My5vcmcvMjAwMC9zdmciPjwvc3ZnPg==\" style=\"--smush-placeholder-width: 300px; --smush-placeholder-aspect-ratio: 300\/225;\" \/><\/a><\/figure><\/div>\n\n\n\n<p>O hospital atende uma alta demanda da popula\u00e7\u00e3o de Sum\u00e9, de munic\u00edpios vizinhos que s\u00e3o referenciados, como Congo, Amparo, Livramento e ainda, por vezes, de outros munic\u00edpios que buscam atendimento na unidade de Sum\u00e9, funcionando praticamente como um Hospital Regional com servi\u00e7os de atendimento ambulatorial, cirurgias e interna\u00e7\u00f5es.<\/p>\n\n\n\n<p>O prefeito tamb\u00e9m informou que o conv\u00eanio com o Governo do Estado da Para\u00edba \u00e9 imprescind\u00edvel para a sobreviv\u00eancia do hospital, e que este ano, continua buscando a renova\u00e7\u00e3o do conv\u00eanio para que os servi\u00e7os do hospital de Sum\u00e9 possam continuar sendo prestados \u00e0 popula\u00e7\u00e3o, sobretudo, nesse per\u00edodo de urg\u00eancia em sa\u00fade p\u00fablica pelo qual o mundo est\u00e1 passando devido ao coronav\u00edrus.<\/p>\n\n\n\n<p>Ascom PMS<\/p>\n","protected":false},"excerpt":{"rendered":"<p>O deputado federal Wellington Roberto (PL\/PB) mais uma vez destina recursos para o munic\u00edpio de Sum\u00e9. Os recursos chegados s\u00e3o no valor de R$ 1&hellip; <\/p>\n","protected":false},"author":2,"featured_media":162033,"comment_status":"closed","ping_status":"closed","sticky":false,"template":"","format":"standard","meta":{"sfsi_plus_gutenberg_text_before_share":"","sfsi_plus_gutenberg_show_text_before_share":"","sfsi_plus_gutenberg_icon_type":"","sfsi_plus_gutenberg_icon_alignemt":"","sfsi_plus_gutenburg_max_per_row":"","footnotes":""},"categories":[2],"tags":[],"class_list":["post-167764","post","type-post","status-publish","format-standard","has-post-thumbnail","hentry","category-geral"],"_links":{"self":[{"href":"https:\/\/www.caririemacao.com\/1\/wp-json\/wp\/v2\/posts\/167764","targetHints":{"allow":["GET"]}}],"collection":[{"href":"https:\/\/www.caririemacao.com\/1\/wp-json\/wp\/v2\/posts"}],"about":[{"href":"https:\/\/www.caririemacao.com\/1\/wp-json\/wp\/v2\/types\/post"}],"author":[{"embeddable":true,"href":"https:\/\/www.caririemacao.com\/1\/wp-json\/wp\/v2\/users\/2"}],"replies":[{"embeddable":true,"href":"https:\/\/www.caririemacao.com\/1\/wp-json\/wp\/v2\/comments?post=167764"}],"version-history":[{"count":3,"href":"https:\/\/www.caririemacao.com\/1\/wp-json\/wp\/v2\/posts\/167764\/revisions"}],"predecessor-version":[{"id":167959,"href":"https:\/\/www.caririemacao.com\/1\/wp-json\/wp\/v2\/posts\/167764\/revisions\/167959"}],"wp:featuredmedia":[{"embeddable":true,"href":"https:\/\/www.caririemacao.com\/1\/wp-json\/wp\/v2\/media\/162033"}],"wp:attachment":[{"href":"https:\/\/www.caririemacao.com\/1\/wp-json\/wp\/v2\/media?parent=167764"}],"wp:term":[{"taxonomy":"category","embeddable":true,"href":"https:\/\/www.caririemacao.com\/1\/wp-json\/wp\/v2\/categories?post=167764"},{"taxonomy":"post_tag","embeddable":true,"href":"https:\/\/www.caririemacao.com\/1\/wp-json\/wp\/v2\/tags?post=167764"}],"curies":[{"name":"wp","href":"https:\/\/api.w.org\/{rel}","templated":true}]}}