{"id":167770,"date":"2020-05-06T13:03:32","date_gmt":"2020-05-06T16:03:32","guid":{"rendered":"https:\/\/www.caririemacao.com\/1\/?p=167770"},"modified":"2020-05-06T13:03:32","modified_gmt":"2020-05-06T16:03:32","slug":"policia-civil-prende-no-rio-grande-do-norte-suspeitos-de-assaltarem-mercadinho-e-balearem-pm-em-taperoa","status":"publish","type":"post","link":"https:\/\/www.caririemacao.com\/1\/2020\/05\/06\/policia-civil-prende-no-rio-grande-do-norte-suspeitos-de-assaltarem-mercadinho-e-balearem-pm-em-taperoa\/","title":{"rendered":"Pol\u00edcia Civil prende no Rio Grande do Norte suspeitos de assaltarem mercadinho e balearem PM em Tapero\u00e1"},"content":{"rendered":"\n<p>Policiais Civis da Divis\u00e3o Especializada em Investiga\u00e7\u00e3o e Combate ao Crime Organizado (DEICOR) conseguiram capturar na \u00faltima segunda-feira (04), os suspeitos que na semana passada realizaram uma tentativa de assalto a um supermercado e trocaram tiros com policiais militares na cidade de Tapero\u00e1, Cariri da Para\u00edba.<\/p>\n\n\n\n<p>Ap\u00f3s um trabalho minucioso de investiga\u00e7\u00e3o, a Pol\u00edcia Civil capturou Josivan Sin\u00e9zio da Silva, vulgo \u201cBaixinho\u201d, natural de Cara\u00fabas\/RN, com 34 anos de idade, e Augusto S\u00e9rgio da Silva Jorge, vulgo \u201cRapadura\u201d, natural de Cara\u00fabas\/RN, com 29 anos de idade.<\/p>\n\n\n\n<p>Baixinho e Rapadura foram presos em uma resid\u00eancia, na cidade de Extremoz\/RN. No momento da abordagem, os policiais encontraram uma pistola municiada, calibre .380, com 15 muni\u00e7\u00f5es, notas manchadas de dispositivos de seguran\u00e7a em caixas eletr\u00f4nicos, al\u00e9m de uma m\u00e1scara e v\u00e1rios rel\u00f3gios e celulares.<\/p>\n\n\n\n<p>Eles n\u00e3o reagiram \u00e0 pris\u00e3o e confirmaram serem integrantes de uma fac\u00e7\u00e3o criminosa (PCC). Baixinho \u00e9 foragido de Alca\u00e7uz, tendo 02 mandados em aberto, e se apresentou documento falso.<\/p>\n\n\n\n<div class=\"wp-block-image\"><figure class=\"aligncenter\"><img decoding=\"async\" data-src=\"http:\/\/deolhonocariri.com.br\/wp-content\/uploads\/2020\/05\/85e71288-e869-4f45-a3e8-68b70f27e8cf.jpg\" alt=\"\" class=\"wp-image-81964 lazyload\" src=\"data:image\/svg+xml;base64,PHN2ZyB3aWR0aD0iMSIgaGVpZ2h0PSIxIiB4bWxucz0iaHR0cDovL3d3dy53My5vcmcvMjAwMC9zdmciPjwvc3ZnPg==\" \/><\/figure><\/div>\n\n\n\n<p>Ele foi filmado, roubando com sua quadrilha, em pelo menos 04 ag\u00eancias dos Correios no Estado da Para\u00edba \u2013 Cidade de \u00c1GUA BRANCA (02\/05\/2019), por duas vezes na Ag\u00eancia dos Correios da UFPB em Jo\u00e3o Pessoa (28\/06\/19 e 04\/02\/20), bem como foi flagrado tamb\u00e9m roubando malotes de um carro-forte, na Cidade de Jo\u00e3o Pessoa\/PB (17\/02\/20), onde um seguran\u00e7a foi alvejado e tamb\u00e9m um criminoso.<\/p>\n\n\n\n<p>Essa quadrilha age com viol\u00eancia e vinha sendo investigada, haja vista estarem cogitando explodir uma ag\u00eancia banc\u00e1ria no Oeste Potiguar e roubar mais um carro-forte, dessa vez no Rio Grande do Norte.<\/p>\n\n\n\n<p>Em a\u00e7\u00e3o recente na regi\u00e3o do Cariri paraibano, os elementos assaltaram um supermercado na cidade de Tapero\u00e1, foram surpreendidos por policiais militares e ap\u00f3s intensa troca de tiros, um policial militar foi alvejado pelos assaltantes, que agora est\u00e3o detidos. Outros elementos poderiam est\u00e1 dando cobertura na a\u00e7\u00e3o, mas estes s\u00e3o os principais suspeitos.<\/p>\n\n\n\n<p><strong>De Olho no Cariri<\/strong><\/p>\n","protected":false},"excerpt":{"rendered":"<p>Policiais Civis da Divis\u00e3o Especializada em Investiga\u00e7\u00e3o e Combate ao Crime Organizado (DEICOR) conseguiram capturar na \u00faltima segunda-feira (04), os suspeitos que na semana passada&hellip; <\/p>\n","protected":false},"author":2,"featured_media":167772,"comment_status":"closed","ping_status":"closed","sticky":false,"template":"","format":"standard","meta":{"sfsi_plus_gutenberg_text_before_share":"","sfsi_plus_gutenberg_show_text_before_share":"","sfsi_plus_gutenberg_icon_type":"","sfsi_plus_gutenberg_icon_alignemt":"","sfsi_plus_gutenburg_max_per_row":"","footnotes":""},"categories":[12],"tags":[],"class_list":["post-167770","post","type-post","status-publish","format-standard","has-post-thumbnail","hentry","category-policia"],"_links":{"self":[{"href":"https:\/\/www.caririemacao.com\/1\/wp-json\/wp\/v2\/posts\/167770","targetHints":{"allow":["GET"]}}],"collection":[{"href":"https:\/\/www.caririemacao.com\/1\/wp-json\/wp\/v2\/posts"}],"about":[{"href":"https:\/\/www.caririemacao.com\/1\/wp-json\/wp\/v2\/types\/post"}],"author":[{"embeddable":true,"href":"https:\/\/www.caririemacao.com\/1\/wp-json\/wp\/v2\/users\/2"}],"replies":[{"embeddable":true,"href":"https:\/\/www.caririemacao.com\/1\/wp-json\/wp\/v2\/comments?post=167770"}],"version-history":[{"count":1,"href":"https:\/\/www.caririemacao.com\/1\/wp-json\/wp\/v2\/posts\/167770\/revisions"}],"predecessor-version":[{"id":167771,"href":"https:\/\/www.caririemacao.com\/1\/wp-json\/wp\/v2\/posts\/167770\/revisions\/167771"}],"wp:featuredmedia":[{"embeddable":true,"href":"https:\/\/www.caririemacao.com\/1\/wp-json\/wp\/v2\/media\/167772"}],"wp:attachment":[{"href":"https:\/\/www.caririemacao.com\/1\/wp-json\/wp\/v2\/media?parent=167770"}],"wp:term":[{"taxonomy":"category","embeddable":true,"href":"https:\/\/www.caririemacao.com\/1\/wp-json\/wp\/v2\/categories?post=167770"},{"taxonomy":"post_tag","embeddable":true,"href":"https:\/\/www.caririemacao.com\/1\/wp-json\/wp\/v2\/tags?post=167770"}],"curies":[{"name":"wp","href":"https:\/\/api.w.org\/{rel}","templated":true}]}}