{"id":167782,"date":"2020-05-06T13:34:17","date_gmt":"2020-05-06T16:34:17","guid":{"rendered":"https:\/\/www.caririemacao.com\/1\/?p=167782"},"modified":"2020-05-06T13:34:17","modified_gmt":"2020-05-06T16:34:17","slug":"dez-milhoes-ainda-nao-se-vacinaram-contra-gripe-na-segunda-fase","status":"publish","type":"post","link":"https:\/\/www.caririemacao.com\/1\/2020\/05\/06\/dez-milhoes-ainda-nao-se-vacinaram-contra-gripe-na-segunda-fase\/","title":{"rendered":"Dez milh\u00f5es ainda n\u00e3o se vacinaram contra gripe na segunda fase"},"content":{"rendered":"\n<p>Iniciada no dia 16 de abril e com previs\u00e3o de terminar nesta sexta-feira (8), a segunda fase da Campanha Nacional de Vacina\u00e7\u00e3o contra a gripe atingiu apenas 36% (ou 5,6 milh\u00f5es de pessoas) do p\u00fablico-alvo. Segundo o Minist\u00e9rio da Sa\u00fade, a meta era de 90%.<\/p>\n\n\n\n<p>Faltam ainda cerca de 10 milh\u00f5es de pessoas do grupo priorit\u00e1rio pretendido pela campanha para esta fase, focada em povos ind\u00edgenas, caminhoneiros, motoristas e cobradores de transportes coletivos, trabalhadores portu\u00e1rios, membros das for\u00e7as de seguran\u00e7a e salvamento; pessoas com doen\u00e7as cr\u00f4nicas e outras condi\u00e7\u00f5es cl\u00ednicas especiais; adolescentes e jovens de 12 a 21 anos sob medidas socioeducativas; popula\u00e7\u00e3o privada de liberdade e funcion\u00e1rios do sistema prisional.<\/p>\n\n\n\n<h2 class=\"wp-block-heading\">Primeira fase<\/h2>\n\n\n\n<p>Na primeira etapa da Campanha Nacional de Vacina\u00e7\u00e3o, dirigida a idosos com 60 anos ou mais e a trabalhadores da sa\u00fade, mais de 18,9 milh\u00f5es de idosos foram vacinados, o que corresponde a 90,66% deste p\u00fablico \u2013 \u00edndice, portanto, acima da meta pretendida pelo governo. No caso dos trabalhadores da sa\u00fade, esse segmento registrou 3,8 milh\u00f5es de profissionais imunizados, o que corresponde a apenas 75,5% da meta.<\/p>\n\n\n\n<p>Profissionais de transporte coletivo (motoristas e cobradores), caminhoneiros e portu\u00e1rios s\u00e3o os que registraram a menor procura na segunda fase da campanha. At\u00e9 o momento, apenas 467 mil doses foram aplicadas, quando a estimativa era a de vacinar 2,6 milh\u00f5es de profissionais.<\/p>\n\n\n\n<p>O Minist\u00e9rio da Sa\u00fade informou, tamb\u00e9m, que \u201cmotoristas e cobradores, caminhoneiros e portu\u00e1rios devem buscar a vacina\u00e7\u00e3o, independente do seu estado ou munic\u00edpio de resid\u00eancia, em qualquer servi\u00e7o p\u00fablico de vacina\u00e7\u00e3o, fixo ou m\u00f3vel, pois transitam em todo o pa\u00eds\u201d.<\/p>\n","protected":false},"excerpt":{"rendered":"<p>Iniciada no dia 16 de abril e com previs\u00e3o de terminar nesta sexta-feira (8), a segunda fase da Campanha Nacional de Vacina\u00e7\u00e3o contra a gripe&hellip; <\/p>\n","protected":false},"author":2,"featured_media":163200,"comment_status":"closed","ping_status":"closed","sticky":false,"template":"","format":"standard","meta":{"sfsi_plus_gutenberg_text_before_share":"","sfsi_plus_gutenberg_show_text_before_share":"","sfsi_plus_gutenberg_icon_type":"","sfsi_plus_gutenberg_icon_alignemt":"","sfsi_plus_gutenburg_max_per_row":"","footnotes":""},"categories":[16],"tags":[],"class_list":["post-167782","post","type-post","status-publish","format-standard","has-post-thumbnail","hentry","category-saude"],"_links":{"self":[{"href":"https:\/\/www.caririemacao.com\/1\/wp-json\/wp\/v2\/posts\/167782","targetHints":{"allow":["GET"]}}],"collection":[{"href":"https:\/\/www.caririemacao.com\/1\/wp-json\/wp\/v2\/posts"}],"about":[{"href":"https:\/\/www.caririemacao.com\/1\/wp-json\/wp\/v2\/types\/post"}],"author":[{"embeddable":true,"href":"https:\/\/www.caririemacao.com\/1\/wp-json\/wp\/v2\/users\/2"}],"replies":[{"embeddable":true,"href":"https:\/\/www.caririemacao.com\/1\/wp-json\/wp\/v2\/comments?post=167782"}],"version-history":[{"count":2,"href":"https:\/\/www.caririemacao.com\/1\/wp-json\/wp\/v2\/posts\/167782\/revisions"}],"predecessor-version":[{"id":167784,"href":"https:\/\/www.caririemacao.com\/1\/wp-json\/wp\/v2\/posts\/167782\/revisions\/167784"}],"wp:featuredmedia":[{"embeddable":true,"href":"https:\/\/www.caririemacao.com\/1\/wp-json\/wp\/v2\/media\/163200"}],"wp:attachment":[{"href":"https:\/\/www.caririemacao.com\/1\/wp-json\/wp\/v2\/media?parent=167782"}],"wp:term":[{"taxonomy":"category","embeddable":true,"href":"https:\/\/www.caririemacao.com\/1\/wp-json\/wp\/v2\/categories?post=167782"},{"taxonomy":"post_tag","embeddable":true,"href":"https:\/\/www.caririemacao.com\/1\/wp-json\/wp\/v2\/tags?post=167782"}],"curies":[{"name":"wp","href":"https:\/\/api.w.org\/{rel}","templated":true}]}}