{"id":167786,"date":"2020-05-06T13:48:40","date_gmt":"2020-05-06T16:48:40","guid":{"rendered":"https:\/\/www.caririemacao.com\/1\/?p=167786"},"modified":"2020-05-06T13:48:40","modified_gmt":"2020-05-06T16:48:40","slug":"zombei-do-fique-em-casa-diz-mulher-que-perdeu-marido-por-covid-19-na-paraiba","status":"publish","type":"post","link":"https:\/\/www.caririemacao.com\/1\/2020\/05\/06\/zombei-do-fique-em-casa-diz-mulher-que-perdeu-marido-por-covid-19-na-paraiba\/","title":{"rendered":"Zombei do \u2018fique em casa\u2019, diz mulher que perdeu marido por Covid-19 na Para\u00edba"},"content":{"rendered":"\n<p>A vi\u00fava de um sargento da Pol\u00edcia Militar morto na semana passada em decorr\u00eancia da Covid-19, infec\u00e7\u00e3o causada pelo novo Coronav\u00edrus, gravou um v\u00eddeo em que relata, arrependida, ter zombado das recomenda\u00e7\u00f5es de isolamento social feitas por autoridades sanit\u00e1rias. Silvana Cunha confessa que nem ela, nem o marido respeitaram a quarentena domiciliar. \u201cEu n\u00e3o fiquei em casa, meu marido n\u00e3o ficou e, infelizmente, faleceu\u201d, lamenta.<\/p>\n\n\n\n<p>Em um v\u00eddeo compartilhado nas redes sociais, Silvana conta que chegou se preocupar mais com a economia, do que com a crise na Sa\u00fade. Segundo apurou a TV Correio, o marido de Silvana morreu no Hospital Metropolitano Dom Jos\u00e9 Maria Pires, em Santa Rita, na Grande Jo\u00e3o Pessoa. O sargento tinha 57 anos de idade e 30 anos de servi\u00e7o \u00e0 Pol\u00edcia Militar.<\/p>\n\n\n\n<p>\u201cH\u00e1 15 dias, eu escutava essas palavras \u2018fique em casa\u2019 e at\u00e9 cheguei a zombar. Fiz um v\u00eddeo dizendo \u2018fique em casa, mas quem vai pagar nossas contas?\u2019. Essas palavras s\u00e3o muito pesadas para mim hoje porque eu n\u00e3o fiquei em casa, meu marido n\u00e3o ficou e, infelizmente, faleceu. E ontem eu senti o peso dessas palavras mais ainda quando eu cheguei, meu filho olhou pra mim e falou \u2018m\u00e3e, voc\u00ea salvou meu pai?\u2019 e eu apenas disse que n\u00e3o. Eu disse \u2018n\u00e3o, meu filho, ele est\u00e1 com Deus\u2019. [Agora] eu estou pedindo: fique em casa por que eu sei o peso dessas palavras hoje na minha vida\u201d, diz Silvana Cunha.<\/p>\n\n\n\n<p><em>Informa\u00e7\u00f5es da TV Correio<\/em><\/p>\n","protected":false},"excerpt":{"rendered":"<p>A vi\u00fava de um sargento da Pol\u00edcia Militar morto na semana passada em decorr\u00eancia da Covid-19, infec\u00e7\u00e3o causada pelo novo Coronav\u00edrus, gravou um v\u00eddeo em&hellip; <\/p>\n","protected":false},"author":2,"featured_media":167787,"comment_status":"closed","ping_status":"closed","sticky":false,"template":"","format":"standard","meta":{"sfsi_plus_gutenberg_text_before_share":"","sfsi_plus_gutenberg_show_text_before_share":"","sfsi_plus_gutenberg_icon_type":"","sfsi_plus_gutenberg_icon_alignemt":"","sfsi_plus_gutenburg_max_per_row":"","footnotes":""},"categories":[2],"tags":[],"class_list":["post-167786","post","type-post","status-publish","format-standard","has-post-thumbnail","hentry","category-geral"],"_links":{"self":[{"href":"https:\/\/www.caririemacao.com\/1\/wp-json\/wp\/v2\/posts\/167786","targetHints":{"allow":["GET"]}}],"collection":[{"href":"https:\/\/www.caririemacao.com\/1\/wp-json\/wp\/v2\/posts"}],"about":[{"href":"https:\/\/www.caririemacao.com\/1\/wp-json\/wp\/v2\/types\/post"}],"author":[{"embeddable":true,"href":"https:\/\/www.caririemacao.com\/1\/wp-json\/wp\/v2\/users\/2"}],"replies":[{"embeddable":true,"href":"https:\/\/www.caririemacao.com\/1\/wp-json\/wp\/v2\/comments?post=167786"}],"version-history":[{"count":1,"href":"https:\/\/www.caririemacao.com\/1\/wp-json\/wp\/v2\/posts\/167786\/revisions"}],"predecessor-version":[{"id":167788,"href":"https:\/\/www.caririemacao.com\/1\/wp-json\/wp\/v2\/posts\/167786\/revisions\/167788"}],"wp:featuredmedia":[{"embeddable":true,"href":"https:\/\/www.caririemacao.com\/1\/wp-json\/wp\/v2\/media\/167787"}],"wp:attachment":[{"href":"https:\/\/www.caririemacao.com\/1\/wp-json\/wp\/v2\/media?parent=167786"}],"wp:term":[{"taxonomy":"category","embeddable":true,"href":"https:\/\/www.caririemacao.com\/1\/wp-json\/wp\/v2\/categories?post=167786"},{"taxonomy":"post_tag","embeddable":true,"href":"https:\/\/www.caririemacao.com\/1\/wp-json\/wp\/v2\/tags?post=167786"}],"curies":[{"name":"wp","href":"https:\/\/api.w.org\/{rel}","templated":true}]}}