{"id":167791,"date":"2020-05-06T14:43:20","date_gmt":"2020-05-06T17:43:20","guid":{"rendered":"https:\/\/www.caririemacao.com\/1\/?p=167791"},"modified":"2020-05-06T14:43:20","modified_gmt":"2020-05-06T17:43:20","slug":"coronavirus-prefeitura-de-sume-instala-lavatorios-de-maos-em-pontos-publicos","status":"publish","type":"post","link":"https:\/\/www.caririemacao.com\/1\/2020\/05\/06\/coronavirus-prefeitura-de-sume-instala-lavatorios-de-maos-em-pontos-publicos\/","title":{"rendered":"Coronav\u00edrus: Prefeitura de Sum\u00e9 instala lavat\u00f3rios de m\u00e3os em pontos p\u00fablicos"},"content":{"rendered":"\n<p>A Secretaria de Sa\u00fade de Sum\u00e9 instalou na manh\u00e3 desta quarta-feira (06), 12 lavat\u00f3rios de m\u00e3os em pontos p\u00fablicos que concentram um grande n\u00famero de pessoas.<\/p>\n\n\n\n<p>Foram instalados equipamentos na entrada das seis unidades de sa\u00fade da zona urbana, do hospital, da farm\u00e1cia b\u00e1sica, do Cras, nas imedia\u00e7\u00f5es da pra\u00e7a Jos\u00e9 Am\u00e9rico, entre o Banco do Brasil e a Prefeitura, e pr\u00f3ximo \u00e0 lot\u00e9rica, que fica localizada na Rua Manoel Severo. A instala\u00e7\u00e3o dos lavat\u00f3rios foi acompanhada pela secret\u00e1ria de sa\u00fade do munic\u00edpio, Alessandra Regina.<\/p>\n\n\n\n<div class=\"wp-block-image\"><figure class=\"alignright\"><a href=\"https:\/\/www.sume.pb.gov.br\/wp-content\/uploads\/2020\/05\/WhatsApp-Image-2020-05-06-at-12.06.08.jpeg\"><img decoding=\"async\" data-src=\"https:\/\/www.sume.pb.gov.br\/wp-content\/uploads\/2020\/05\/WhatsApp-Image-2020-05-06-at-12.06.08-300x225.jpeg\" alt=\"\" class=\"wp-image-10027 lazyload\" src=\"data:image\/svg+xml;base64,PHN2ZyB3aWR0aD0iMSIgaGVpZ2h0PSIxIiB4bWxucz0iaHR0cDovL3d3dy53My5vcmcvMjAwMC9zdmciPjwvc3ZnPg==\" style=\"--smush-placeholder-width: 300px; --smush-placeholder-aspect-ratio: 300\/225;\" \/><\/a><\/figure><\/div>\n\n\n\n<p>A Prefeitura tamb\u00e9m est\u00e1 adquirindo quatro mil m\u00e1scaras de tecidos para serem distribu\u00eddas \u00e0 popula\u00e7\u00e3o. A confec\u00e7\u00e3o foi encomendada a costureiras do munic\u00edpio. Tamb\u00e9m est\u00e3o sendo providenciadas a aquisi\u00e7\u00e3o de mais tendas para prote\u00e7\u00e3o contra sol e chuva, onde h\u00e1 maior n\u00famero de pessoas em filas de espera.<\/p>\n\n\n\n<p>As a\u00e7\u00f5es da Prefeitura de Sum\u00e9 implantadas nesta quarta-feira (06) integram as estrat\u00e9gias de enfrentamento ao coronav\u00edrus que o prefeito \u00c9den vem adotando para que a doen\u00e7a n\u00e3o se espalhe e a popula\u00e7\u00e3o possa estar protegida da contamina\u00e7\u00e3o.<\/p>\n\n\n\n<p>Ascom PMS<\/p>\n","protected":false},"excerpt":{"rendered":"<p>A Secretaria de Sa\u00fade de Sum\u00e9 instalou na manh\u00e3 desta quarta-feira (06), 12 lavat\u00f3rios de m\u00e3os em pontos p\u00fablicos que concentram um grande n\u00famero de&hellip; <\/p>\n","protected":false},"author":1,"featured_media":167792,"comment_status":"closed","ping_status":"closed","sticky":false,"template":"","format":"standard","meta":{"sfsi_plus_gutenberg_text_before_share":"","sfsi_plus_gutenberg_show_text_before_share":"","sfsi_plus_gutenberg_icon_type":"","sfsi_plus_gutenberg_icon_alignemt":"","sfsi_plus_gutenburg_max_per_row":"","footnotes":""},"categories":[6,50],"tags":[],"class_list":["post-167791","post","type-post","status-publish","format-standard","has-post-thumbnail","hentry","category-cidades","category-destaque"],"_links":{"self":[{"href":"https:\/\/www.caririemacao.com\/1\/wp-json\/wp\/v2\/posts\/167791","targetHints":{"allow":["GET"]}}],"collection":[{"href":"https:\/\/www.caririemacao.com\/1\/wp-json\/wp\/v2\/posts"}],"about":[{"href":"https:\/\/www.caririemacao.com\/1\/wp-json\/wp\/v2\/types\/post"}],"author":[{"embeddable":true,"href":"https:\/\/www.caririemacao.com\/1\/wp-json\/wp\/v2\/users\/1"}],"replies":[{"embeddable":true,"href":"https:\/\/www.caririemacao.com\/1\/wp-json\/wp\/v2\/comments?post=167791"}],"version-history":[{"count":1,"href":"https:\/\/www.caririemacao.com\/1\/wp-json\/wp\/v2\/posts\/167791\/revisions"}],"predecessor-version":[{"id":167793,"href":"https:\/\/www.caririemacao.com\/1\/wp-json\/wp\/v2\/posts\/167791\/revisions\/167793"}],"wp:featuredmedia":[{"embeddable":true,"href":"https:\/\/www.caririemacao.com\/1\/wp-json\/wp\/v2\/media\/167792"}],"wp:attachment":[{"href":"https:\/\/www.caririemacao.com\/1\/wp-json\/wp\/v2\/media?parent=167791"}],"wp:term":[{"taxonomy":"category","embeddable":true,"href":"https:\/\/www.caririemacao.com\/1\/wp-json\/wp\/v2\/categories?post=167791"},{"taxonomy":"post_tag","embeddable":true,"href":"https:\/\/www.caririemacao.com\/1\/wp-json\/wp\/v2\/tags?post=167791"}],"curies":[{"name":"wp","href":"https:\/\/api.w.org\/{rel}","templated":true}]}}