{"id":167800,"date":"2020-05-06T15:57:37","date_gmt":"2020-05-06T18:57:37","guid":{"rendered":"https:\/\/www.caririemacao.com\/1\/?p=167800"},"modified":"2020-05-06T15:57:37","modified_gmt":"2020-05-06T18:57:37","slug":"na-linha-de-frente-contra-a-covid-19-medicos-e-enfermeiros-do-df-revelam-emocao-ao-embarcar-para-manaus","status":"publish","type":"post","link":"https:\/\/www.caririemacao.com\/1\/2020\/05\/06\/na-linha-de-frente-contra-a-covid-19-medicos-e-enfermeiros-do-df-revelam-emocao-ao-embarcar-para-manaus\/","title":{"rendered":"Na linha de frente contra a Covid-19, m\u00e9dicos e enfermeiros do DF revelam emo\u00e7\u00e3o ao embarcar para Manaus"},"content":{"rendered":"\n<p>M\u00e9dicos e enfermeiros do Distrito Federal embarcaram para Manaus, no\u00a0Amazonas, na manh\u00e3 desta quarta-feira (6) com o desafio de atuar no combate ao\u00a0novo coronav\u00edrus. Na bagagem, al\u00e9m do conhecimento, a emo\u00e7\u00e3o de ajudar a regi\u00e3o do pa\u00eds onde at\u00e9 esta manh\u00e3 havia 8 mil pessoas infectadas e mais de 600 mortes causadas pela pandemia.<\/p>\n\n\n\n<p>A enfermeira Giuliana Barbosa mora na regi\u00e3o do Gama. Ela conta que o embarque mistura dois sentimentos.<\/p>\n\n\n\n<blockquote class=\"wp-block-quote is-layout-flow wp-block-quote-is-layout-flow\"><p>\u201cVou de cora\u00e7\u00e3o apertado, mas com orgulho e representando a classe da enfermagem. Vou fazer o meu trabalho.\u201d<\/p><\/blockquote>\n\n\n\n<figure class=\"wp-block-image\"><img decoding=\"async\" data-src=\"https:\/\/s2.glbimg.com\/7veh98KvWnNTakL8cD9_toAun2k=\/0x0:738x357\/984x0\/smart\/filters:strip_icc()\/i.s3.glbimg.com\/v1\/AUTH_59edd422c0c84a879bd37670ae4f538a\/internal_photos\/bs\/2020\/K\/L\/y4WvWzSkSEQOSpxCaoEQ\/equipe.png\" alt=\"M\u00e9dicos e enfermeiros do DF embarcaram para Manaus \u2014 Foto: TV Globo\/Reprodu\u00e7\u00e3o\" title=\"M\u00e9dicos e enfermeiros do DF embarcaram para Manaus \u2014 Foto: TV Globo\/Reprodu\u00e7\u00e3o\" src=\"data:image\/svg+xml;base64,PHN2ZyB3aWR0aD0iMSIgaGVpZ2h0PSIxIiB4bWxucz0iaHR0cDovL3d3dy53My5vcmcvMjAwMC9zdmciPjwvc3ZnPg==\" class=\"lazyload\" \/><\/figure>\n\n\n\n<p>M\u00e9dicos e enfermeiros do DF embarcaram para Manaus \u2014 Foto: TV Globo\/Reprodu\u00e7\u00e3o<\/p>\n\n\n\n<h2 class=\"wp-block-heading\">Experi\u00eancia<\/h2>\n\n\n\n<p>Ana Carolina Ara\u00fajo \u00e9 medica e mora na Asa Sul, em Bras\u00edlia. Ela se formou em medicina h\u00e1 um m\u00eas e explica que teve o apoio da fam\u00edlia para ajudar no combate ao coronav\u00edrus em Manaus.<\/p>\n\n\n\n<blockquote class=\"wp-block-quote is-layout-flow wp-block-quote-is-layout-flow\"><p>\u201cEstou deixando a minha fam\u00edlia, meus amigos, meu namorado.Todos me apoiaram muito e falaram &#8216;vai , daqui a pouco voc\u00ea est\u00e1 de volta&#8217;. Vai ficar tudo bem.\u201d<\/p><\/blockquote>\n\n\n\n<p>Ana lembra que n\u00e3o pensou duas vezes em dizer \u201csim\u201d quando recebeu o telefonema do Minist\u00e9rio da Sa\u00fade. &#8220;N\u00e3o tem muito uma super explica\u00e7\u00e3o n\u00e3o, sendo bem sincera. Foi uma intui\u00e7\u00e3o mesmo e, o meu cora\u00e7\u00e3o falou para eu ir&#8221; explica.<\/p>\n\n\n\n<blockquote class=\"wp-block-quote is-layout-flow wp-block-quote-is-layout-flow\"><p>&#8220;Eu me formei agora, acho que eu tenho a chance de poder fazer um pouquinho quem t\u00e1 precisando mais.&#8221;<\/p><\/blockquote>\n\n\n\n<p>Esse mesmo sentimento move o enfermeiro Ivan Rodrigues. Do grupo, ele \u00e9 quem trabalha h\u00e1 mais tempo na \u00e1rea da sa\u00fade, s\u00e3o 11 anos de experi\u00eancia.<\/p>\n\n\n\n<p>Ivan explica que quer tirar o m\u00e1ximo de proveito dessa experi\u00eancia nos pr\u00f3ximos seis meses. &#8220;Esse \u00e9 um momento de estudo e aprendizado para toda classe cient\u00edfica, para todos os profissionais. \u00c9 um momento nunca visto na hist\u00f3ria e eu quero aprender muito&#8221;, justifica.<\/p>\n\n\n\n<blockquote class=\"wp-block-quote is-layout-flow wp-block-quote-is-layout-flow\"><p>&#8220;A gente fica preocupado, a gente pensa na fam\u00edlia e pensa nos filhos.&#8221;<\/p><\/blockquote>\n\n\n\n<p>O enfermeiro sabe que vai ser dif\u00edcil. Mas dedica o trabalho aos dois filhos, que ficam em Bras\u00edlia. &#8220;A gente vai voltar Giuliane e Samuel e a gente vai cumprir o nosso papel\u201d, desabafa Ivan, antes de embarcar.<\/p>\n\n\n\n<h2 class=\"wp-block-heading\">&#8216;Her\u00f3is an\u00f4nimos&#8217;<\/h2>\n\n\n\n<figure class=\"wp-block-image\"><img decoding=\"async\" data-src=\"https:\/\/s04.video.glbimg.com\/x720\/8531379.jpg\" alt=\"M\u00e9dicos e enfermeiros do DF s\u00e3o homenageados em voo para Manaus: 'Her\u00f3is an\u00f4nimos'\" title=\"M\u00e9dicos e enfermeiros do DF s\u00e3o homenageados em voo para Manaus: 'Her\u00f3is an\u00f4nimos'\" src=\"data:image\/svg+xml;base64,PHN2ZyB3aWR0aD0iMSIgaGVpZ2h0PSIxIiB4bWxucz0iaHR0cDovL3d3dy53My5vcmcvMjAwMC9zdmciPjwvc3ZnPg==\" class=\"lazyload\" \/><\/figure>\n\n\n\n<p>00:00\/01:40<\/p>\n\n\n\n<p>M\u00e9dicos e enfermeiros do DF s\u00e3o homenageados em voo para Manaus: &#8216;Her\u00f3is an\u00f4nimos&#8217;<\/p>\n\n\n\n<p>Na ter\u00e7a-feira (5),\u00a0um outro grupo de m\u00e9dicos e enfermeiros do DF tamb\u00e9m embarcou para Manaus. Eles v\u00e3o refor\u00e7ar as equipes no atendimento aos pacientes com a Covid-19, em hospitais de campanha.<\/p>\n\n\n\n<p>Durante o voo, o comandante da aeronave fez uma chamada com o nome dos 14 profissionais de sa\u00fade e anunciou aos passageiros que eles eram &#8220;her\u00f3is an\u00f4nimos&#8221;&nbsp;<strong>(veja v\u00eddeo acima)<\/strong>.<\/p>\n\n\n\n<blockquote class=\"wp-block-quote is-layout-flow wp-block-quote-is-layout-flow\"><p>&#8220;Todas as pessoas que ficaram de p\u00e9 s\u00e3o profissionais da sa\u00fade. Neste momento, cada um deles est\u00e1 deixando suas fam\u00edlias em casa, mudando de cidade e embarcando em uma miss\u00e3o honrosa&#8221;, disse o comandante.<\/p><\/blockquote>\n\n\n\n<p>O comandante justificou a homenagem ressaltando que eles &#8220;trocaram as capas [dos super-her\u00f3is] por jalecos e, assim, como nos filmes, merecem os cr\u00e9ditos por tanta dedica\u00e7\u00e3o&#8221;, ao pedir aplausos para o grupo.<\/p>\n\n\n\n<h2 class=\"wp-block-heading\">Refor\u00e7o<\/h2>\n\n\n\n<figure class=\"wp-block-image size-large\"><img decoding=\"async\" width=\"25\" height=\"17\" data-src=\"https:\/\/www.caririemacao.com\/1\/wp-content\/uploads\/2020\/05\/image-21.jpeg\" alt=\"Paciente com coronav\u00edrus \u00e9 atendido no Hospital Municipal Gilberto Novaes em Manaus \u2014 Foto: REUTERS\/Bruno Kelly\" class=\"wp-image-167802 lazyload\" title=\"Paciente com coronav\u00edrus \u00e9 atendido no Hospital Municipal Gilberto Novaes em Manaus \u2014 Foto: REUTERS\/Bruno Kelly\" src=\"data:image\/svg+xml;base64,PHN2ZyB3aWR0aD0iMSIgaGVpZ2h0PSIxIiB4bWxucz0iaHR0cDovL3d3dy53My5vcmcvMjAwMC9zdmciPjwvc3ZnPg==\" style=\"--smush-placeholder-width: 25px; --smush-placeholder-aspect-ratio: 25\/17;\" \/><\/figure>\n\n\n\n<figure class=\"wp-block-image\"><img decoding=\"async\" data-src=\"https:\/\/s2.glbimg.com\/O5kPYhPUphdu0FSlOR0P_HccEcw=\/0x0:4612x3183\/984x0\/smart\/filters:strip_icc()\/i.s3.glbimg.com\/v1\/AUTH_59edd422c0c84a879bd37670ae4f538a\/internal_photos\/bs\/2020\/5\/J\/pKcT5xQzuX8AlA1SCZ7g\/2020-04-14t153530z-2090513588-rc2f4g9ekyab-rtrmadp-3-health-coronavirus-brazil.jpg\" alt=\"Paciente com coronav\u00edrus \u00e9 atendido no Hospital Municipal Gilberto Novaes em Manaus \u2014 Foto: REUTERS\/Bruno Kelly\" title=\"Paciente com coronav\u00edrus \u00e9 atendido no Hospital Municipal Gilberto Novaes em Manaus \u2014 Foto: REUTERS\/Bruno Kelly\" src=\"data:image\/svg+xml;base64,PHN2ZyB3aWR0aD0iMSIgaGVpZ2h0PSIxIiB4bWxucz0iaHR0cDovL3d3dy53My5vcmcvMjAwMC9zdmciPjwvc3ZnPg==\" class=\"lazyload\" \/><\/figure>\n\n\n\n<p>Paciente com coronav\u00edrus \u00e9 atendido no Hospital Municipal Gilberto Novaes em Manaus \u2014 Foto: REUTERS\/Bruno Kelly<\/p>\n\n\n\n<p>O Minist\u00e9rio da Sa\u00fade est\u00e1 refor\u00e7ando a equipe m\u00e9dica em Manaus. Desde meados de abril, foram enviados m\u00e9dicos e enfermeiros, de pelo menos seis estados brasileiros, para o Amazonas.<\/p>\n\n\n\n<p>O sistema p\u00fablico de sa\u00fade do estado vem apresentando dificuldade para atender a alta demanda causada pela pandemia. Nesta semana, ele operava\u00a0com cerca de 90% dos leitos ocupados.<\/p>\n","protected":false},"excerpt":{"rendered":"<p>M\u00e9dicos e enfermeiros do Distrito Federal embarcaram para Manaus, no\u00a0Amazonas, na manh\u00e3 desta quarta-feira (6) com o desafio de atuar no combate ao\u00a0novo coronav\u00edrus. Na&hellip; <\/p>\n","protected":false},"author":1,"featured_media":167803,"comment_status":"closed","ping_status":"closed","sticky":false,"template":"","format":"standard","meta":{"sfsi_plus_gutenberg_text_before_share":"","sfsi_plus_gutenberg_show_text_before_share":"","sfsi_plus_gutenberg_icon_type":"","sfsi_plus_gutenberg_icon_alignemt":"","sfsi_plus_gutenburg_max_per_row":"","footnotes":""},"categories":[50],"tags":[],"class_list":["post-167800","post","type-post","status-publish","format-standard","has-post-thumbnail","hentry","category-destaque"],"_links":{"self":[{"href":"https:\/\/www.caririemacao.com\/1\/wp-json\/wp\/v2\/posts\/167800","targetHints":{"allow":["GET"]}}],"collection":[{"href":"https:\/\/www.caririemacao.com\/1\/wp-json\/wp\/v2\/posts"}],"about":[{"href":"https:\/\/www.caririemacao.com\/1\/wp-json\/wp\/v2\/types\/post"}],"author":[{"embeddable":true,"href":"https:\/\/www.caririemacao.com\/1\/wp-json\/wp\/v2\/users\/1"}],"replies":[{"embeddable":true,"href":"https:\/\/www.caririemacao.com\/1\/wp-json\/wp\/v2\/comments?post=167800"}],"version-history":[{"count":1,"href":"https:\/\/www.caririemacao.com\/1\/wp-json\/wp\/v2\/posts\/167800\/revisions"}],"predecessor-version":[{"id":167804,"href":"https:\/\/www.caririemacao.com\/1\/wp-json\/wp\/v2\/posts\/167800\/revisions\/167804"}],"wp:featuredmedia":[{"embeddable":true,"href":"https:\/\/www.caririemacao.com\/1\/wp-json\/wp\/v2\/media\/167803"}],"wp:attachment":[{"href":"https:\/\/www.caririemacao.com\/1\/wp-json\/wp\/v2\/media?parent=167800"}],"wp:term":[{"taxonomy":"category","embeddable":true,"href":"https:\/\/www.caririemacao.com\/1\/wp-json\/wp\/v2\/categories?post=167800"},{"taxonomy":"post_tag","embeddable":true,"href":"https:\/\/www.caririemacao.com\/1\/wp-json\/wp\/v2\/tags?post=167800"}],"curies":[{"name":"wp","href":"https:\/\/api.w.org\/{rel}","templated":true}]}}