{"id":167805,"date":"2020-05-06T16:42:51","date_gmt":"2020-05-06T19:42:51","guid":{"rendered":"https:\/\/www.caririemacao.com\/1\/?p=167805"},"modified":"2020-05-06T16:42:51","modified_gmt":"2020-05-06T19:42:51","slug":"alpb-solicita-ao-congresso-nacional-a-prorrogacao-do-pagamento-do-auxilio-emergencial-ate-31-de-dezembro","status":"publish","type":"post","link":"https:\/\/www.caririemacao.com\/1\/2020\/05\/06\/alpb-solicita-ao-congresso-nacional-a-prorrogacao-do-pagamento-do-auxilio-emergencial-ate-31-de-dezembro\/","title":{"rendered":"ALPB solicita ao Congresso Nacional a prorroga\u00e7\u00e3o do pagamento do aux\u00edlio emergencial at\u00e9 31 de dezembro"},"content":{"rendered":"\n<p>A Assembleia Legislativa da Para\u00edba (ALPB) vai encaminhar of\u00edcio ao Congresso Nacional solicitando a prorroga\u00e7\u00e3o do pagamento do aux\u00edlio emergencial, custeado pelo Governo Federal, com recursos do Tesouro Federal, \u00e0s pessoas desempregadas, sem renda e aut\u00f4nomos, at\u00e9 31 de dezembro deste ano. De acordo com a proposta, os tr\u00eas meses de pagamento do aux\u00edlio emergencial, n\u00e3o ser\u00e3o suficientes para minimizar os preju\u00edzos causados pela pandemia.<\/p>\n\n\n\n<p>A proposta \u00e9 fundamentada no requerimento da Mesa Diretora da Casa, aprovado por unanimidade, na sess\u00e3o remota desta quarta-feira (06).<\/p>\n\n\n\n<p>\u201cVamos solicitar que o Congresso Nacional aprove essa medida, estendendo o benef\u00edcio a benefici\u00e1rios de todo o Pa\u00eds. Tamb\u00e9m vamos fazer gest\u00f5es junto aos governos estaduais e assembleias legislativas, para que em cada estado, em cada Assembleia aconte\u00e7a um movimento neste sentido\u201d, explicou o presidente da ALPB, Adriano Galdino. Ao todo, os deputados aprovaram 353 mat\u00e9rias na sess\u00e3o desta quarta-feira.<\/p>\n\n\n\n<p>O deputado Jeov\u00e1 Campos, que idealizou a proposta assumida pela Mesa Diretora da ALPB, lembrou que os tr\u00eas meses de pagamento do aux\u00edlio emergencial, n\u00e3o ser\u00e3o suficientes para minimizar os preju\u00edzos causados pela pandemia. \u201cOs efeitos devastadores do Covid-19 no Brasil, n\u00e3o apenas na economia e sa\u00fade da popula\u00e7\u00e3o, mas, na vida das pessoas, est\u00e3o sendo muito maiores e mais graves do que se previa anteriormente, principalmente, dos mais vulner\u00e1veis. Em fun\u00e7\u00e3o disso, sugerimos essa prorroga\u00e7\u00e3o do pagamento do aux\u00edlio de R$ 600,00, inicialmente, previsto para ser pago durante tr\u00eas meses\u201d, acrescentou.<\/p>\n\n\n\n<p>A manuten\u00e7\u00e3o do aux\u00edlio at\u00e9 dezembro, conforme o parlamentar, n\u00e3o tem apenas o objetivo de minimizar os efeitos da pandemia para a popula\u00e7\u00e3o mais vulner\u00e1vel, dando-lhe oportunidade de ter o m\u00ednimo necess\u00e1rio para o sustento e sobreviv\u00eancia, mas, tamb\u00e9m fazer girar a economia das cidades.<\/p>\n\n\n\n<p>\u201cEssas camadas populares, consomem o que recebem, no mercado, no supermercado, na farm\u00e1cia. O mercado, por sua vez, compra no atacadista, que compra da ind\u00fastria e isso tudo faz a economia girar, produzindo renda e riqueza e, em contrapartida, impostos que fazem a economia se movimentar. Na atual conjuntura, \u00e9 preciso ampliar a base de consumo da sociedade brasileira. N\u00f3s precisamos ter o povo consumindo que \u00e9 para a ind\u00fastria n\u00e3o quebrar, porque se isso acontecer quebra o pa\u00eds\u201d, concluiu.<\/p>\n","protected":false},"excerpt":{"rendered":"<p>A Assembleia Legislativa da Para\u00edba (ALPB) vai encaminhar of\u00edcio ao Congresso Nacional solicitando a prorroga\u00e7\u00e3o do pagamento do aux\u00edlio emergencial, custeado pelo Governo Federal, com&hellip; <\/p>\n","protected":false},"author":2,"featured_media":167806,"comment_status":"closed","ping_status":"closed","sticky":false,"template":"","format":"standard","meta":{"sfsi_plus_gutenberg_text_before_share":"","sfsi_plus_gutenberg_show_text_before_share":"","sfsi_plus_gutenberg_icon_type":"","sfsi_plus_gutenberg_icon_alignemt":"","sfsi_plus_gutenburg_max_per_row":"","footnotes":""},"categories":[2],"tags":[],"class_list":["post-167805","post","type-post","status-publish","format-standard","has-post-thumbnail","hentry","category-geral"],"_links":{"self":[{"href":"https:\/\/www.caririemacao.com\/1\/wp-json\/wp\/v2\/posts\/167805","targetHints":{"allow":["GET"]}}],"collection":[{"href":"https:\/\/www.caririemacao.com\/1\/wp-json\/wp\/v2\/posts"}],"about":[{"href":"https:\/\/www.caririemacao.com\/1\/wp-json\/wp\/v2\/types\/post"}],"author":[{"embeddable":true,"href":"https:\/\/www.caririemacao.com\/1\/wp-json\/wp\/v2\/users\/2"}],"replies":[{"embeddable":true,"href":"https:\/\/www.caririemacao.com\/1\/wp-json\/wp\/v2\/comments?post=167805"}],"version-history":[{"count":1,"href":"https:\/\/www.caririemacao.com\/1\/wp-json\/wp\/v2\/posts\/167805\/revisions"}],"predecessor-version":[{"id":167807,"href":"https:\/\/www.caririemacao.com\/1\/wp-json\/wp\/v2\/posts\/167805\/revisions\/167807"}],"wp:featuredmedia":[{"embeddable":true,"href":"https:\/\/www.caririemacao.com\/1\/wp-json\/wp\/v2\/media\/167806"}],"wp:attachment":[{"href":"https:\/\/www.caririemacao.com\/1\/wp-json\/wp\/v2\/media?parent=167805"}],"wp:term":[{"taxonomy":"category","embeddable":true,"href":"https:\/\/www.caririemacao.com\/1\/wp-json\/wp\/v2\/categories?post=167805"},{"taxonomy":"post_tag","embeddable":true,"href":"https:\/\/www.caririemacao.com\/1\/wp-json\/wp\/v2\/tags?post=167805"}],"curies":[{"name":"wp","href":"https:\/\/api.w.org\/{rel}","templated":true}]}}