{"id":167808,"date":"2020-05-06T16:44:44","date_gmt":"2020-05-06T19:44:44","guid":{"rendered":"https:\/\/www.caririemacao.com\/1\/?p=167808"},"modified":"2020-05-06T16:44:44","modified_gmt":"2020-05-06T19:44:44","slug":"cientistas-do-consorcio-nordeste-dizem-que-pico-da-covid-19-nao-sera-antes-de-junho-e-planejam-lockdown","status":"publish","type":"post","link":"https:\/\/www.caririemacao.com\/1\/2020\/05\/06\/cientistas-do-consorcio-nordeste-dizem-que-pico-da-covid-19-nao-sera-antes-de-junho-e-planejam-lockdown\/","title":{"rendered":"Cientistas do Cons\u00f3rcio Nordeste dizem que pico da Covid-19 n\u00e3o ser\u00e1 antes de junho e planejam lockdown"},"content":{"rendered":"\n<p>As simula\u00e7\u00f5es matem\u00e1ticas realizadas pelo Comit\u00ea Cient\u00edfico do Cons\u00f3rcio Nordeste, mostram que os picos do n\u00famero di\u00e1rio de novos casos da Covid-19 e de mortes n\u00e3o ser\u00e3o atingidos antes do m\u00eas de junho. A informa\u00e7\u00e3o est\u00e1 no boletim do comit\u00ea que foi divulgado ter\u00e7a-feira (5).<\/p>\n\n\n\n<p>Os gr\u00e1ficos que acompanham a evolu\u00e7\u00e3o dos casos da doen\u00e7a t\u00eam curva ascendente em todos os Estados do Nordeste.<\/p>\n\n\n\n<figure class=\"wp-block-image\"><img decoding=\"async\" data-src=\"https:\/\/www.clickpb.com.br\/media\/filer_public\/38\/b7\/38b78130-96ba-489d-9798-f4df78187d67\/curvas_dos_casos_de_covid-19.jpg\" alt=\"\" src=\"data:image\/svg+xml;base64,PHN2ZyB3aWR0aD0iMSIgaGVpZ2h0PSIxIiB4bWxucz0iaHR0cDovL3d3dy53My5vcmcvMjAwMC9zdmciPjwvc3ZnPg==\" class=\"lazyload\" \/><\/figure>\n\n\n\n<p>O comit\u00ea, dada a gravidade e acelera\u00e7\u00e3o do cont\u00e1gio, recomenda aos Estados que estabele\u00e7am crit\u00e9rios objetivos para decreta\u00e7\u00e3o de&nbsp;<em>lockdown<\/em>, associando, a eles, medidas legais, pol\u00edticas e de seguran\u00e7a que deem sustenta\u00e7\u00e3o \u00e0 eventual ocorr\u00eancia.<\/p>\n\n\n\n<p>Os Estados do Nordeste do Brasil dever\u00e3o decretar&nbsp;<em>lockdown&nbsp;<\/em>quando os n\u00fameros de leitos hospitalares tenham superado 80% de ocupa\u00e7\u00e3o e, ao mesmo tempo, a curva de casos e de \u00f3bitos seja ascendente.&nbsp;<\/p>\n\n\n\n<p>De acordo com o documento, o&nbsp;<em>lockdown&nbsp;<\/em>\u00e9 eficaz para reduzir a curva de casos e dar tempo para reorganiza\u00e7\u00e3o do sistema. \u00c9 sabido que pa\u00edses que o implementaram, conseguiram sair mais r\u00e1pido do momento mais cr\u00edtico. &nbsp;<\/p>\n\n\n\n<p>O texto tamb\u00e9m explica que, num&nbsp;<em>lockdown<\/em>, todas as entradas do per\u00edmetro determinado s\u00e3o bloqueadas por profissionais de seguran\u00e7a e ningu\u00e9m deve ter permiss\u00e3o de entrar ou sair sem justificativa plaus\u00edvel. &nbsp;<\/p>\n\n\n\n<p>\u00c9 importante considerar, portanto, que a decreta\u00e7\u00e3o de\u00a0<em>lockdown\u00a0<\/em>dever\u00e1 ser feita em comum acordo com demais for\u00e7as pol\u00edticas e de seguran\u00e7a, sendo necess\u00e1rio, para isso, o envolvimento das for\u00e7as armadas e pol\u00edcias estaduais.<\/p>\n\n\n\n<p>Para\u00edba Debate<\/p>\n","protected":false},"excerpt":{"rendered":"<p>As simula\u00e7\u00f5es matem\u00e1ticas realizadas pelo Comit\u00ea Cient\u00edfico do Cons\u00f3rcio Nordeste, mostram que os picos do n\u00famero di\u00e1rio de novos casos da Covid-19 e de mortes&hellip; <\/p>\n","protected":false},"author":1,"featured_media":167810,"comment_status":"closed","ping_status":"closed","sticky":false,"template":"","format":"standard","meta":{"sfsi_plus_gutenberg_text_before_share":"","sfsi_plus_gutenberg_show_text_before_share":"","sfsi_plus_gutenberg_icon_type":"","sfsi_plus_gutenberg_icon_alignemt":"","sfsi_plus_gutenburg_max_per_row":"","footnotes":""},"categories":[2],"tags":[],"class_list":["post-167808","post","type-post","status-publish","format-standard","has-post-thumbnail","hentry","category-geral"],"_links":{"self":[{"href":"https:\/\/www.caririemacao.com\/1\/wp-json\/wp\/v2\/posts\/167808","targetHints":{"allow":["GET"]}}],"collection":[{"href":"https:\/\/www.caririemacao.com\/1\/wp-json\/wp\/v2\/posts"}],"about":[{"href":"https:\/\/www.caririemacao.com\/1\/wp-json\/wp\/v2\/types\/post"}],"author":[{"embeddable":true,"href":"https:\/\/www.caririemacao.com\/1\/wp-json\/wp\/v2\/users\/1"}],"replies":[{"embeddable":true,"href":"https:\/\/www.caririemacao.com\/1\/wp-json\/wp\/v2\/comments?post=167808"}],"version-history":[{"count":1,"href":"https:\/\/www.caririemacao.com\/1\/wp-json\/wp\/v2\/posts\/167808\/revisions"}],"predecessor-version":[{"id":167811,"href":"https:\/\/www.caririemacao.com\/1\/wp-json\/wp\/v2\/posts\/167808\/revisions\/167811"}],"wp:featuredmedia":[{"embeddable":true,"href":"https:\/\/www.caririemacao.com\/1\/wp-json\/wp\/v2\/media\/167810"}],"wp:attachment":[{"href":"https:\/\/www.caririemacao.com\/1\/wp-json\/wp\/v2\/media?parent=167808"}],"wp:term":[{"taxonomy":"category","embeddable":true,"href":"https:\/\/www.caririemacao.com\/1\/wp-json\/wp\/v2\/categories?post=167808"},{"taxonomy":"post_tag","embeddable":true,"href":"https:\/\/www.caririemacao.com\/1\/wp-json\/wp\/v2\/tags?post=167808"}],"curies":[{"name":"wp","href":"https:\/\/api.w.org\/{rel}","templated":true}]}}