{"id":167812,"date":"2020-05-06T16:46:59","date_gmt":"2020-05-06T19:46:59","guid":{"rendered":"https:\/\/www.caririemacao.com\/1\/?p=167812"},"modified":"2020-05-06T16:46:59","modified_gmt":"2020-05-06T19:46:59","slug":"sobe-para-mais-de-150-o-numero-de-profissionais-de-saude-infectados-pela-covid-19-na-paraiba","status":"publish","type":"post","link":"https:\/\/www.caririemacao.com\/1\/2020\/05\/06\/sobe-para-mais-de-150-o-numero-de-profissionais-de-saude-infectados-pela-covid-19-na-paraiba\/","title":{"rendered":"Sobe para mais de 150% o n\u00famero de profissionais de sa\u00fade infectados pela covid-19 na Para\u00edba"},"content":{"rendered":"\n<p>A quantidade de profissionais de sa\u00fade que atuam na Para\u00edba e foram infectados pela Covid-19, aumentou cerca de 153,9% em uma semana.<\/p>\n\n\n\n<p>Os dados s\u00e3o do boletim epidemiol\u00f3gico divulgado pela Secretaria de Estado da Sa\u00fade (SES), nesta ter\u00e7a-feira (5), que aponta que o n\u00famero de contaminados na categoria passou de 63, notificados at\u00e9 o \u00faltimo dia 28 de abril, para 160.<\/p>\n\n\n\n<p>Em meio aos n\u00fameros, o Conselho Regional de Medicina da Para\u00edba (CRM-PB) prop\u00f4s a cria\u00e7\u00e3o de um gabinete de crise para a troca de informa\u00e7\u00f5es di\u00e1rias sobre a pandemia de Covid-19, para que as autoridades competentes possam tomar as decis\u00f5es com base em evid\u00eancias cient\u00edficas, mas at\u00e9 o momento a SES n\u00e3o se pronunciou sobre o assunto.<\/p>\n\n\n\n<p>Para\u00edba Todo Dia<\/p>\n","protected":false},"excerpt":{"rendered":"<p>A quantidade de profissionais de sa\u00fade que atuam na Para\u00edba e foram infectados pela Covid-19, aumentou cerca de 153,9% em uma semana. Os dados s\u00e3o&hellip; <\/p>\n","protected":false},"author":1,"featured_media":167813,"comment_status":"closed","ping_status":"closed","sticky":false,"template":"","format":"standard","meta":{"sfsi_plus_gutenberg_text_before_share":"","sfsi_plus_gutenberg_show_text_before_share":"","sfsi_plus_gutenberg_icon_type":"","sfsi_plus_gutenberg_icon_alignemt":"","sfsi_plus_gutenburg_max_per_row":"","footnotes":""},"categories":[2],"tags":[],"class_list":["post-167812","post","type-post","status-publish","format-standard","has-post-thumbnail","hentry","category-geral"],"_links":{"self":[{"href":"https:\/\/www.caririemacao.com\/1\/wp-json\/wp\/v2\/posts\/167812","targetHints":{"allow":["GET"]}}],"collection":[{"href":"https:\/\/www.caririemacao.com\/1\/wp-json\/wp\/v2\/posts"}],"about":[{"href":"https:\/\/www.caririemacao.com\/1\/wp-json\/wp\/v2\/types\/post"}],"author":[{"embeddable":true,"href":"https:\/\/www.caririemacao.com\/1\/wp-json\/wp\/v2\/users\/1"}],"replies":[{"embeddable":true,"href":"https:\/\/www.caririemacao.com\/1\/wp-json\/wp\/v2\/comments?post=167812"}],"version-history":[{"count":1,"href":"https:\/\/www.caririemacao.com\/1\/wp-json\/wp\/v2\/posts\/167812\/revisions"}],"predecessor-version":[{"id":167814,"href":"https:\/\/www.caririemacao.com\/1\/wp-json\/wp\/v2\/posts\/167812\/revisions\/167814"}],"wp:featuredmedia":[{"embeddable":true,"href":"https:\/\/www.caririemacao.com\/1\/wp-json\/wp\/v2\/media\/167813"}],"wp:attachment":[{"href":"https:\/\/www.caririemacao.com\/1\/wp-json\/wp\/v2\/media?parent=167812"}],"wp:term":[{"taxonomy":"category","embeddable":true,"href":"https:\/\/www.caririemacao.com\/1\/wp-json\/wp\/v2\/categories?post=167812"},{"taxonomy":"post_tag","embeddable":true,"href":"https:\/\/www.caririemacao.com\/1\/wp-json\/wp\/v2\/tags?post=167812"}],"curies":[{"name":"wp","href":"https:\/\/api.w.org\/{rel}","templated":true}]}}