{"id":167815,"date":"2020-05-06T16:49:26","date_gmt":"2020-05-06T19:49:26","guid":{"rendered":"https:\/\/www.caririemacao.com\/1\/?p=167815"},"modified":"2020-05-06T16:49:26","modified_gmt":"2020-05-06T19:49:26","slug":"casos-de-covid-19-em-cg-devem-disparar-se-populacao-nao-respeitar-quarentena-afirma-secretario","status":"publish","type":"post","link":"https:\/\/www.caririemacao.com\/1\/2020\/05\/06\/casos-de-covid-19-em-cg-devem-disparar-se-populacao-nao-respeitar-quarentena-afirma-secretario\/","title":{"rendered":"Casos de covid-19 em CG devem disparar se popula\u00e7\u00e3o n\u00e3o respeitar quarentena, afirma secret\u00e1rio"},"content":{"rendered":"\n<p>\u201cN\u00f3s teremos um aumento substancial nos casos de coronav\u00edrus e no n\u00famero de mortos, se as pessoas n\u00e3o se conscientizarem da import\u00e2ncia do ficar em casa\u201d.<\/p>\n\n\n\n<p>A declara\u00e7\u00e3o foi do secret\u00e1rio de Sa\u00fade do Estado, Geraldo Medeiros, para os campinenses em entrevista \u00e0 R\u00e1dio Panor\u00e2mica FM, nesta ter\u00e7a-feira (05). Quando ele voltou&nbsp; a pedir \u00e0 popula\u00e7\u00e3o para manter o isolamento social na cidade como forma de conter o avan\u00e7o do novo coronav\u00edrus.<\/p>\n\n\n\n<p>O secret\u00e1rio lembrou que 30% dos 30 leitos da UTI do Hospital Pedro I, refer\u00eancia para tratamento ao Covid-19, j\u00e1 est\u00e3o ocupados e que de acordo com dados oficiais, a cidade registrou at\u00e9 agora 67 casos da doen\u00e7a, com tr\u00eas mortes, n\u00famero que tendem a aumentar em caso de quebra da quarentena.<\/p>\n\n\n\n<p>Com Para\u00edba Todo Dia<\/p>\n","protected":false},"excerpt":{"rendered":"<p>\u201cN\u00f3s teremos um aumento substancial nos casos de coronav\u00edrus e no n\u00famero de mortos, se as pessoas n\u00e3o se conscientizarem da import\u00e2ncia do ficar em&hellip; <\/p>\n","protected":false},"author":1,"featured_media":167816,"comment_status":"closed","ping_status":"closed","sticky":false,"template":"","format":"standard","meta":{"sfsi_plus_gutenberg_text_before_share":"","sfsi_plus_gutenberg_show_text_before_share":"","sfsi_plus_gutenberg_icon_type":"","sfsi_plus_gutenberg_icon_alignemt":"","sfsi_plus_gutenburg_max_per_row":"","footnotes":""},"categories":[2],"tags":[],"class_list":["post-167815","post","type-post","status-publish","format-standard","has-post-thumbnail","hentry","category-geral"],"_links":{"self":[{"href":"https:\/\/www.caririemacao.com\/1\/wp-json\/wp\/v2\/posts\/167815","targetHints":{"allow":["GET"]}}],"collection":[{"href":"https:\/\/www.caririemacao.com\/1\/wp-json\/wp\/v2\/posts"}],"about":[{"href":"https:\/\/www.caririemacao.com\/1\/wp-json\/wp\/v2\/types\/post"}],"author":[{"embeddable":true,"href":"https:\/\/www.caririemacao.com\/1\/wp-json\/wp\/v2\/users\/1"}],"replies":[{"embeddable":true,"href":"https:\/\/www.caririemacao.com\/1\/wp-json\/wp\/v2\/comments?post=167815"}],"version-history":[{"count":1,"href":"https:\/\/www.caririemacao.com\/1\/wp-json\/wp\/v2\/posts\/167815\/revisions"}],"predecessor-version":[{"id":167817,"href":"https:\/\/www.caririemacao.com\/1\/wp-json\/wp\/v2\/posts\/167815\/revisions\/167817"}],"wp:featuredmedia":[{"embeddable":true,"href":"https:\/\/www.caririemacao.com\/1\/wp-json\/wp\/v2\/media\/167816"}],"wp:attachment":[{"href":"https:\/\/www.caririemacao.com\/1\/wp-json\/wp\/v2\/media?parent=167815"}],"wp:term":[{"taxonomy":"category","embeddable":true,"href":"https:\/\/www.caririemacao.com\/1\/wp-json\/wp\/v2\/categories?post=167815"},{"taxonomy":"post_tag","embeddable":true,"href":"https:\/\/www.caririemacao.com\/1\/wp-json\/wp\/v2\/tags?post=167815"}],"curies":[{"name":"wp","href":"https:\/\/api.w.org\/{rel}","templated":true}]}}