{"id":167818,"date":"2020-05-06T16:51:36","date_gmt":"2020-05-06T19:51:36","guid":{"rendered":"https:\/\/www.caririemacao.com\/1\/?p=167818"},"modified":"2020-05-06T16:51:36","modified_gmt":"2020-05-06T19:51:36","slug":"mesmo-na-linha-de-frente-do-combate-ao-novo-coronavirus-servidores-da-saude-de-pocinhos-estao-sem-receber-salario","status":"publish","type":"post","link":"https:\/\/www.caririemacao.com\/1\/2020\/05\/06\/mesmo-na-linha-de-frente-do-combate-ao-novo-coronavirus-servidores-da-saude-de-pocinhos-estao-sem-receber-salario\/","title":{"rendered":"Mesmo na linha de frente do combate ao novo Coronav\u00edrus, servidores da Sa\u00fade de Pocinhos est\u00e3o sem receber sal\u00e1rio"},"content":{"rendered":"\n<p>O Sindicato dos Trabalhadores P\u00fablicos Municipais do Agreste e Borborema (Sintab), por meio de nota, repudia veementemente mais um atraso no pagamento do sal\u00e1rio dos servidores da Sa\u00fade de Pocinhos que recebem por meio do Fundo Municipal de Sa\u00fade.<\/p>\n\n\n\n<p>Estes servidores est\u00e3o at\u00e9 a presente data, 6 de maio, sem receber o sal\u00e1rio do m\u00eas de abril, que deve ser depositado dentro do m\u00eas trabalhado.<\/p>\n\n\n\n<p>De acordo com o Sintab, que o atraso \u00e9 recorrente e tem se repetido praticamente todos os meses desde o in\u00edcio da atual gest\u00e3o, demonstrando o descaso e a falta de respeito da Prefeitura Municipal com estes trabalhadores.<\/p>\n\n\n\n<p>Ainda mais agora, \u00e9 preciso proteger e garantir todos os direitos destes servidores, que est\u00e3o atuando na linha de frente no combate ao novo Coronav\u00edrus e o sal\u00e1rio \u00e9 o mais b\u00e1sico dos direitos, \u00e9 direito garantido, de car\u00e1ter alimentar, cujo atraso acarreta imenso preju\u00edzo para os profissionais e consequentemente, para seus familiares.<\/p>\n\n\n\n<p>Salientamos que os servidores est\u00e3o sem sal\u00e1rio, mesmo a Prefeitura tendo recebido aporte financeiro de mais de R$ 132 mil para as a\u00e7\u00f5es emergenciais de combate \u00e0 pandemia da Covid-19.<\/p>\n\n\n\n<p>O Sindicato destaca ainda que \u00e9 dever e n\u00e3o faculdade da Administra\u00e7\u00e3o P\u00fablica, pagar pelos servi\u00e7os prestados pelos servidores municipais, de acordo com a legisla\u00e7\u00e3o em vigor, sob pena de ofender o princ\u00edpio da legalidade.<\/p>\n\n\n\n<p>A dire\u00e7\u00e3o do Sintab continuar\u00e1 cobrando da Prefeitura o pagamento imediato dos sal\u00e1rios atrasados destes servidores da sa\u00fade de Pocinhos e tomar\u00e1 as provid\u00eancias legais que forem necess\u00e1rias, caso a situa\u00e7\u00e3o n\u00e3o seja prontamente regularizada.<\/p>\n\n\n\n<p><em>Reda\u00e7\u00e3o Para\u00edba Debate com Ascom<\/em><\/p>\n","protected":false},"excerpt":{"rendered":"<p>O Sindicato dos Trabalhadores P\u00fablicos Municipais do Agreste e Borborema (Sintab), por meio de nota, repudia veementemente mais um atraso no pagamento do sal\u00e1rio dos&hellip; <\/p>\n","protected":false},"author":1,"featured_media":167819,"comment_status":"closed","ping_status":"closed","sticky":false,"template":"","format":"standard","meta":{"sfsi_plus_gutenberg_text_before_share":"","sfsi_plus_gutenberg_show_text_before_share":"","sfsi_plus_gutenberg_icon_type":"","sfsi_plus_gutenberg_icon_alignemt":"","sfsi_plus_gutenburg_max_per_row":"","footnotes":""},"categories":[2],"tags":[],"class_list":["post-167818","post","type-post","status-publish","format-standard","has-post-thumbnail","hentry","category-geral"],"_links":{"self":[{"href":"https:\/\/www.caririemacao.com\/1\/wp-json\/wp\/v2\/posts\/167818","targetHints":{"allow":["GET"]}}],"collection":[{"href":"https:\/\/www.caririemacao.com\/1\/wp-json\/wp\/v2\/posts"}],"about":[{"href":"https:\/\/www.caririemacao.com\/1\/wp-json\/wp\/v2\/types\/post"}],"author":[{"embeddable":true,"href":"https:\/\/www.caririemacao.com\/1\/wp-json\/wp\/v2\/users\/1"}],"replies":[{"embeddable":true,"href":"https:\/\/www.caririemacao.com\/1\/wp-json\/wp\/v2\/comments?post=167818"}],"version-history":[{"count":1,"href":"https:\/\/www.caririemacao.com\/1\/wp-json\/wp\/v2\/posts\/167818\/revisions"}],"predecessor-version":[{"id":167820,"href":"https:\/\/www.caririemacao.com\/1\/wp-json\/wp\/v2\/posts\/167818\/revisions\/167820"}],"wp:featuredmedia":[{"embeddable":true,"href":"https:\/\/www.caririemacao.com\/1\/wp-json\/wp\/v2\/media\/167819"}],"wp:attachment":[{"href":"https:\/\/www.caririemacao.com\/1\/wp-json\/wp\/v2\/media?parent=167818"}],"wp:term":[{"taxonomy":"category","embeddable":true,"href":"https:\/\/www.caririemacao.com\/1\/wp-json\/wp\/v2\/categories?post=167818"},{"taxonomy":"post_tag","embeddable":true,"href":"https:\/\/www.caririemacao.com\/1\/wp-json\/wp\/v2\/tags?post=167818"}],"curies":[{"name":"wp","href":"https:\/\/api.w.org\/{rel}","templated":true}]}}