{"id":167821,"date":"2020-05-06T16:53:58","date_gmt":"2020-05-06T19:53:58","guid":{"rendered":"https:\/\/www.caririemacao.com\/1\/?p=167821"},"modified":"2020-05-06T16:53:58","modified_gmt":"2020-05-06T19:53:58","slug":"alpb-aprova-desconto-em-mensalidade-de-escolas-e-universidades-durante-calamidade","status":"publish","type":"post","link":"https:\/\/www.caririemacao.com\/1\/2020\/05\/06\/alpb-aprova-desconto-em-mensalidade-de-escolas-e-universidades-durante-calamidade\/","title":{"rendered":"ALPB aprova desconto em mensalidade de escolas e universidades durante calamidade"},"content":{"rendered":"\n<p>A Assembleia Legislativa da Para\u00edba aprovou por maioria, na manh\u00e3 desta quarta-feira (6), o Projeto de Lei 1.696\/2020, que trata da redu\u00e7\u00e3o das mensalidades de escolas e universidades privadas, enquanto as aulas presenciais estiverem suspensas devido a pandemia de covid-19.<\/p>\n\n\n\n<p>O projeto, de autoria dos deputados Adriano Galdino (PSB), Estela Bezerra (PSB), Lindolfo Pires (Podemos) e Ricardo Barbosa (PSB), foi aprovado por maioria dos Deputados presentes com os votos contr\u00e1rios dos Deputados Walber Virgolino (Patriota), Cabo Gilberto (PSL), Cida Ramos (PSB), Camila Toscano (PSDB), Dr. \u00c9rico (Cidadania), Edmilson Soares (Podemos), Eduardo Carneiro (PRTB), Felipe Leit\u00e3o (Avante) e Raniery Paulino (MDB).<\/p>\n\n\n\n<p>O texto prev\u00ea descontos que podem variar de 10% a 30% dependendo da quantidade de alunos do estabelecimento de ensino, caso n\u00e3o haja oferta de aulas remotas. Para os estabelecimentos que oferecem aulas remotas, o desconto fica entre 5% e 25%, novamente dependendo da quantidade de alunos.<\/p>\n\n\n\n<p>Al\u00e9m disso, tamb\u00e9m foi aprovada Emenda Aditiva do Deputado Ricardo Barbosa, que pro\u00edbe a cobran\u00e7a de juros em mensalidades atrasadas enquanto durar o decreto de calamidade p\u00fablica estadual em virtude da pandemia.<\/p>\n\n\n\n<p>O projeto agora segue para a san\u00e7\u00e3o do governador Jo\u00e3o Azev\u00eado (Cidadania).<\/p>\n\n\n\n<p>Com Para\u00edba Debate<\/p>\n","protected":false},"excerpt":{"rendered":"<p>A Assembleia Legislativa da Para\u00edba aprovou por maioria, na manh\u00e3 desta quarta-feira (6), o Projeto de Lei 1.696\/2020, que trata da redu\u00e7\u00e3o das mensalidades de&hellip; <\/p>\n","protected":false},"author":1,"featured_media":167822,"comment_status":"closed","ping_status":"closed","sticky":false,"template":"","format":"standard","meta":{"sfsi_plus_gutenberg_text_before_share":"","sfsi_plus_gutenberg_show_text_before_share":"","sfsi_plus_gutenberg_icon_type":"","sfsi_plus_gutenberg_icon_alignemt":"","sfsi_plus_gutenburg_max_per_row":"","footnotes":""},"categories":[2],"tags":[],"class_list":["post-167821","post","type-post","status-publish","format-standard","has-post-thumbnail","hentry","category-geral"],"_links":{"self":[{"href":"https:\/\/www.caririemacao.com\/1\/wp-json\/wp\/v2\/posts\/167821","targetHints":{"allow":["GET"]}}],"collection":[{"href":"https:\/\/www.caririemacao.com\/1\/wp-json\/wp\/v2\/posts"}],"about":[{"href":"https:\/\/www.caririemacao.com\/1\/wp-json\/wp\/v2\/types\/post"}],"author":[{"embeddable":true,"href":"https:\/\/www.caririemacao.com\/1\/wp-json\/wp\/v2\/users\/1"}],"replies":[{"embeddable":true,"href":"https:\/\/www.caririemacao.com\/1\/wp-json\/wp\/v2\/comments?post=167821"}],"version-history":[{"count":1,"href":"https:\/\/www.caririemacao.com\/1\/wp-json\/wp\/v2\/posts\/167821\/revisions"}],"predecessor-version":[{"id":167823,"href":"https:\/\/www.caririemacao.com\/1\/wp-json\/wp\/v2\/posts\/167821\/revisions\/167823"}],"wp:featuredmedia":[{"embeddable":true,"href":"https:\/\/www.caririemacao.com\/1\/wp-json\/wp\/v2\/media\/167822"}],"wp:attachment":[{"href":"https:\/\/www.caririemacao.com\/1\/wp-json\/wp\/v2\/media?parent=167821"}],"wp:term":[{"taxonomy":"category","embeddable":true,"href":"https:\/\/www.caririemacao.com\/1\/wp-json\/wp\/v2\/categories?post=167821"},{"taxonomy":"post_tag","embeddable":true,"href":"https:\/\/www.caririemacao.com\/1\/wp-json\/wp\/v2\/tags?post=167821"}],"curies":[{"name":"wp","href":"https:\/\/api.w.org\/{rel}","templated":true}]}}