{"id":167824,"date":"2020-05-06T16:55:19","date_gmt":"2020-05-06T19:55:19","guid":{"rendered":"https:\/\/www.caririemacao.com\/1\/?p=167824"},"modified":"2020-05-06T16:55:19","modified_gmt":"2020-05-06T19:55:19","slug":"romero-define-novo-prazo-para-retorno-das-aulas-na-rede-municipal-de-ensino-em-cg","status":"publish","type":"post","link":"https:\/\/www.caririemacao.com\/1\/2020\/05\/06\/romero-define-novo-prazo-para-retorno-das-aulas-na-rede-municipal-de-ensino-em-cg\/","title":{"rendered":"Romero define novo prazo para retorno das aulas na rede municipal de Ensino, em CG"},"content":{"rendered":"\n<p>O prefeito Romero Rodrigues (PSD) decidiu, na tarde desta ter\u00e7a-feira (5), prolongar a medida de suspens\u00e3o das aulas da rede municipal de Ensino de Campina Grande. No \u00faltimo dia 25 de mar\u00e7o, Romero tinha definido para 11 de maio a data limite, mas diante de um cen\u00e1rio cada vez mais preocupante de dissemina\u00e7\u00e3o da Covid-19, ele estabeleceu um novo prazo: Dia 1\u00ba de junho.<\/p>\n\n\n\n<p>A decis\u00e3o foi tomada ap\u00f3s reuni\u00e3o com o secret\u00e1rio municipal de Educa\u00e7\u00e3o, Rodolfo Gaud\u00eancio, realizada no Gabinete do Prefeito. Acompanharam o encontro de trabalho os secret\u00e1rios Alcindor Villarim (Chefe do Gabinete do Prefeito) e Ma\u00e9sio Tavares de Melo (Assist\u00eancia Social).<\/p>\n\n\n\n<p>Durante a reuni\u00e3o, o prefeito e o secret\u00e1rio de Educa\u00e7\u00e3o fizeram uma avalia\u00e7\u00e3o conjuntural sobre as dificuldades de retorno imediato das aulas da rede municipal de Campina Grande.<\/p>\n\n\n\n<p>No total, a estrutura da Prefeitura contempla 36 mil alunos matriculados e, objetivamente, a sensa\u00e7\u00e3o de inseguran\u00e7a sanit\u00e1ria ainda afeta bastante a comunidade escolar do munic\u00edpio. <\/p>\n\n\n\n<p>Para\u00edba Todo Dia<\/p>\n","protected":false},"excerpt":{"rendered":"<p>O prefeito Romero Rodrigues (PSD) decidiu, na tarde desta ter\u00e7a-feira (5), prolongar a medida de suspens\u00e3o das aulas da rede municipal de Ensino de Campina&hellip; <\/p>\n","protected":false},"author":1,"featured_media":167825,"comment_status":"closed","ping_status":"closed","sticky":false,"template":"","format":"standard","meta":{"sfsi_plus_gutenberg_text_before_share":"","sfsi_plus_gutenberg_show_text_before_share":"","sfsi_plus_gutenberg_icon_type":"","sfsi_plus_gutenberg_icon_alignemt":"","sfsi_plus_gutenburg_max_per_row":"","footnotes":""},"categories":[2],"tags":[],"class_list":["post-167824","post","type-post","status-publish","format-standard","has-post-thumbnail","hentry","category-geral"],"_links":{"self":[{"href":"https:\/\/www.caririemacao.com\/1\/wp-json\/wp\/v2\/posts\/167824","targetHints":{"allow":["GET"]}}],"collection":[{"href":"https:\/\/www.caririemacao.com\/1\/wp-json\/wp\/v2\/posts"}],"about":[{"href":"https:\/\/www.caririemacao.com\/1\/wp-json\/wp\/v2\/types\/post"}],"author":[{"embeddable":true,"href":"https:\/\/www.caririemacao.com\/1\/wp-json\/wp\/v2\/users\/1"}],"replies":[{"embeddable":true,"href":"https:\/\/www.caririemacao.com\/1\/wp-json\/wp\/v2\/comments?post=167824"}],"version-history":[{"count":1,"href":"https:\/\/www.caririemacao.com\/1\/wp-json\/wp\/v2\/posts\/167824\/revisions"}],"predecessor-version":[{"id":167826,"href":"https:\/\/www.caririemacao.com\/1\/wp-json\/wp\/v2\/posts\/167824\/revisions\/167826"}],"wp:featuredmedia":[{"embeddable":true,"href":"https:\/\/www.caririemacao.com\/1\/wp-json\/wp\/v2\/media\/167825"}],"wp:attachment":[{"href":"https:\/\/www.caririemacao.com\/1\/wp-json\/wp\/v2\/media?parent=167824"}],"wp:term":[{"taxonomy":"category","embeddable":true,"href":"https:\/\/www.caririemacao.com\/1\/wp-json\/wp\/v2\/categories?post=167824"},{"taxonomy":"post_tag","embeddable":true,"href":"https:\/\/www.caririemacao.com\/1\/wp-json\/wp\/v2\/tags?post=167824"}],"curies":[{"name":"wp","href":"https:\/\/api.w.org\/{rel}","templated":true}]}}