{"id":167827,"date":"2020-05-06T16:58:24","date_gmt":"2020-05-06T19:58:24","guid":{"rendered":"https:\/\/www.caririemacao.com\/1\/?p=167827"},"modified":"2020-05-06T16:58:24","modified_gmt":"2020-05-06T19:58:24","slug":"alpb-vai-propor-ao-governo-federal-manutencao-do-auxilio-ate-31-de-dezembro","status":"publish","type":"post","link":"https:\/\/www.caririemacao.com\/1\/2020\/05\/06\/alpb-vai-propor-ao-governo-federal-manutencao-do-auxilio-ate-31-de-dezembro\/","title":{"rendered":"ALPB vai propor ao Governo Federal manuten\u00e7\u00e3o do aux\u00edlio at\u00e9 31 de dezembro"},"content":{"rendered":"\n<p>A Assembleia Legislativa da Para\u00edba (ALPB) realizar\u00e1, mais uma sess\u00e3o remota, atrav\u00e9s de Sistema Eletr\u00f4nico de Videoconfer\u00eancia, nesta quarta-feira (06), a partir das 10h. Na oportunidade, ser\u00e1 apreciada proposta do deputado Jeov\u00e1 Campos solicitando \u00e0 Presid\u00eancia da Rep\u00fablica, Senado Federal e C\u00e2mara dos Deputados a manuten\u00e7\u00e3o do benef\u00edcio assistencial aos trabalhadores aut\u00f4nomos, desempregados e sem renda, at\u00e9 o final da vig\u00eancia dos efeitos do decreto de calamidade p\u00fablica \u2013 Decreto Legislativo Federal n\u00ba 06, de 20 de mar\u00e7o de 2020 (31.12.2020).<\/p>\n\n\n\n<p>De acordo com Jeov\u00e1, o objetivo de sua proposta \u00e9 minimizar os efeitos financeiros provocados pela crise da pandemia do novo Coronav\u00edrus (Covid-19), especialmente da popula\u00e7\u00e3o mais pobre e vulner\u00e1vel do Brasil.<\/p>\n\n\n\n<p><strong>SERVI\u00c7O<\/strong><\/p>\n\n\n\n<p>Sess\u00e3o Extraordin\u00e1ria<br>Data: 06\/05<br>Hora: 10h \u2013 Atrav\u00e9s de Sistema Eletr\u00f4nico de Videoconfer\u00eancia<\/p>\n\n\n\n<p><strong>LOCAIS DE ACESSO:<\/strong><br>YouTube<br>https:\/\/www.youtube.com\/user\/LegislativoPB<\/p>\n\n\n\n<p>Facebook<br>https:\/\/pt-br.facebook.com\/AssembleiaPB\/<\/p>\n\n\n\n<p>TV Assembleia<br>Canal 40.2 (TV aberta) 14.2 (Patos e Regi\u00e3o \u2013 TV aberta), 15.2 (Campina Grande e Regi\u00e3o \u2013 TV aberta ), pelo canal 11 na net e 340.2 na Sky, GVT e Claro<\/p>\n\n\n\n<p>Com Vitrini do Cariri<\/p>\n","protected":false},"excerpt":{"rendered":"<p>A Assembleia Legislativa da Para\u00edba (ALPB) realizar\u00e1, mais uma sess\u00e3o remota, atrav\u00e9s de Sistema Eletr\u00f4nico de Videoconfer\u00eancia, nesta quarta-feira (06), a partir das 10h. Na&hellip; <\/p>\n","protected":false},"author":1,"featured_media":167828,"comment_status":"closed","ping_status":"closed","sticky":false,"template":"","format":"standard","meta":{"sfsi_plus_gutenberg_text_before_share":"","sfsi_plus_gutenberg_show_text_before_share":"","sfsi_plus_gutenberg_icon_type":"","sfsi_plus_gutenberg_icon_alignemt":"","sfsi_plus_gutenburg_max_per_row":"","footnotes":""},"categories":[2],"tags":[],"class_list":["post-167827","post","type-post","status-publish","format-standard","has-post-thumbnail","hentry","category-geral"],"_links":{"self":[{"href":"https:\/\/www.caririemacao.com\/1\/wp-json\/wp\/v2\/posts\/167827","targetHints":{"allow":["GET"]}}],"collection":[{"href":"https:\/\/www.caririemacao.com\/1\/wp-json\/wp\/v2\/posts"}],"about":[{"href":"https:\/\/www.caririemacao.com\/1\/wp-json\/wp\/v2\/types\/post"}],"author":[{"embeddable":true,"href":"https:\/\/www.caririemacao.com\/1\/wp-json\/wp\/v2\/users\/1"}],"replies":[{"embeddable":true,"href":"https:\/\/www.caririemacao.com\/1\/wp-json\/wp\/v2\/comments?post=167827"}],"version-history":[{"count":1,"href":"https:\/\/www.caririemacao.com\/1\/wp-json\/wp\/v2\/posts\/167827\/revisions"}],"predecessor-version":[{"id":167829,"href":"https:\/\/www.caririemacao.com\/1\/wp-json\/wp\/v2\/posts\/167827\/revisions\/167829"}],"wp:featuredmedia":[{"embeddable":true,"href":"https:\/\/www.caririemacao.com\/1\/wp-json\/wp\/v2\/media\/167828"}],"wp:attachment":[{"href":"https:\/\/www.caririemacao.com\/1\/wp-json\/wp\/v2\/media?parent=167827"}],"wp:term":[{"taxonomy":"category","embeddable":true,"href":"https:\/\/www.caririemacao.com\/1\/wp-json\/wp\/v2\/categories?post=167827"},{"taxonomy":"post_tag","embeddable":true,"href":"https:\/\/www.caririemacao.com\/1\/wp-json\/wp\/v2\/tags?post=167827"}],"curies":[{"name":"wp","href":"https:\/\/api.w.org\/{rel}","templated":true}]}}