{"id":167830,"date":"2020-05-06T17:01:31","date_gmt":"2020-05-06T20:01:31","guid":{"rendered":"https:\/\/www.caririemacao.com\/1\/?p=167830"},"modified":"2020-05-06T17:01:31","modified_gmt":"2020-05-06T20:01:31","slug":"em-taperoa-numero-de-casos-de-coronavirus-sobe-para-13-e-municipio-e-o-mais-afetado-pela-pandemia-na-regiao","status":"publish","type":"post","link":"https:\/\/www.caririemacao.com\/1\/2020\/05\/06\/em-taperoa-numero-de-casos-de-coronavirus-sobe-para-13-e-municipio-e-o-mais-afetado-pela-pandemia-na-regiao\/","title":{"rendered":"Em Tapero\u00e1: N\u00famero de casos de coronav\u00edrus sobe para 13 e munic\u00edpio \u00e9 o mais afetado pela pandemia na regi\u00e3o"},"content":{"rendered":"\n<p>A Prefeitura de Tapero\u00e1 atrav\u00e9s da Secretaria Municipal de Sa\u00fade divulgou nesta ter\u00e7a-feira, 05 de maio, o mais novo boletim epidemiol\u00f3gico do munic\u00edpio.<\/p>\n\n\n\n<p>Segundo o boletim divulgado, tr\u00eas novos casos foram registrados no munic\u00edpio de Tapero\u00e1 nas \u00faltimas 24 horas. Os novos casos confirmados se deram atrav\u00e9s de testes r\u00e1pidos realizados pela equipe da Vigil\u00e2ncia Epidemiol\u00f3gica Municipal. Os novos pacientes s\u00e3o todos de um mesmo n\u00facleo, pertencentes a zona rural de Tapero\u00e1 e se encontram em bom estado de sa\u00fade.<\/p>\n\n\n\n<p>Com os tr\u00eas novos casos o munic\u00edpio de Tapero\u00e1 contabiliza 13 casos confirmados, sendo 09 situados na zona rural, 03 no Conjunto S\u00e3o Francisco e um caso no Conjunto Mariz.<\/p>\n\n\n\n<p>Tapero\u00e1 segue de longe sendo o munic\u00edpio do Cariri mais afetado pela contamina\u00e7\u00e3o do coronav\u00edrus, tendo 13 casos confirmados e 01 caso suspeito que segue sendo investigado pelos \u00f3rg\u00e3os de sa\u00fade.<\/p>\n\n\n\n<p>Com Vitrine do Cariri<\/p>\n","protected":false},"excerpt":{"rendered":"<p>A Prefeitura de Tapero\u00e1 atrav\u00e9s da Secretaria Municipal de Sa\u00fade divulgou nesta ter\u00e7a-feira, 05 de maio, o mais novo boletim epidemiol\u00f3gico do munic\u00edpio. Segundo o&hellip; <\/p>\n","protected":false},"author":1,"featured_media":167831,"comment_status":"closed","ping_status":"closed","sticky":false,"template":"","format":"standard","meta":{"sfsi_plus_gutenberg_text_before_share":"","sfsi_plus_gutenberg_show_text_before_share":"","sfsi_plus_gutenberg_icon_type":"","sfsi_plus_gutenberg_icon_alignemt":"","sfsi_plus_gutenburg_max_per_row":"","footnotes":""},"categories":[50],"tags":[],"class_list":["post-167830","post","type-post","status-publish","format-standard","has-post-thumbnail","hentry","category-destaque"],"_links":{"self":[{"href":"https:\/\/www.caririemacao.com\/1\/wp-json\/wp\/v2\/posts\/167830","targetHints":{"allow":["GET"]}}],"collection":[{"href":"https:\/\/www.caririemacao.com\/1\/wp-json\/wp\/v2\/posts"}],"about":[{"href":"https:\/\/www.caririemacao.com\/1\/wp-json\/wp\/v2\/types\/post"}],"author":[{"embeddable":true,"href":"https:\/\/www.caririemacao.com\/1\/wp-json\/wp\/v2\/users\/1"}],"replies":[{"embeddable":true,"href":"https:\/\/www.caririemacao.com\/1\/wp-json\/wp\/v2\/comments?post=167830"}],"version-history":[{"count":1,"href":"https:\/\/www.caririemacao.com\/1\/wp-json\/wp\/v2\/posts\/167830\/revisions"}],"predecessor-version":[{"id":167832,"href":"https:\/\/www.caririemacao.com\/1\/wp-json\/wp\/v2\/posts\/167830\/revisions\/167832"}],"wp:featuredmedia":[{"embeddable":true,"href":"https:\/\/www.caririemacao.com\/1\/wp-json\/wp\/v2\/media\/167831"}],"wp:attachment":[{"href":"https:\/\/www.caririemacao.com\/1\/wp-json\/wp\/v2\/media?parent=167830"}],"wp:term":[{"taxonomy":"category","embeddable":true,"href":"https:\/\/www.caririemacao.com\/1\/wp-json\/wp\/v2\/categories?post=167830"},{"taxonomy":"post_tag","embeddable":true,"href":"https:\/\/www.caririemacao.com\/1\/wp-json\/wp\/v2\/tags?post=167830"}],"curies":[{"name":"wp","href":"https:\/\/api.w.org\/{rel}","templated":true}]}}