{"id":167833,"date":"2020-05-06T17:13:38","date_gmt":"2020-05-06T20:13:38","guid":{"rendered":"https:\/\/www.caririemacao.com\/1\/?p=167833"},"modified":"2020-05-06T17:21:20","modified_gmt":"2020-05-06T20:21:20","slug":"deputado-wilson-filho-exalta-liberdade-de-imprensa-e-reafirma-a-importancia-do-jornalismo-postado-em","status":"publish","type":"post","link":"https:\/\/www.caririemacao.com\/1\/2020\/05\/06\/deputado-wilson-filho-exalta-liberdade-de-imprensa-e-reafirma-a-importancia-do-jornalismo-postado-em\/","title":{"rendered":"Deputado Wilson Filho exalta liberdade de imprensa e reafirma a import\u00e2ncia do jornalismo"},"content":{"rendered":"\n<p>O deputado estadual Wilson Filho (PTB-PB) se solidarizou com a classe dos jornalistas ap\u00f3s a agress\u00e3o sofrida por funcion\u00e1rios do Estad\u00e3o enquanto cobriam manifesta\u00e7\u00e3o em Bras\u00edlia nesse domingo (3). Em uma triste coincid\u00eancia, se celebrou na mesma data o Dia Mundial da Liberdade de Imprensa.<\/p>\n\n\n\n<p>\u201c\u00c9 de se lamentar que no dia em que os jornalistas deveriam ser exaltados pela import\u00e2ncia de seu of\u00edcio, ainda mais neste per\u00edodo de pandemia de covid-19, pois est\u00e3o arriscando as suas vidas e de seus familiares para transmitirem informa\u00e7\u00f5es com o rigor da apura\u00e7\u00e3o e da checagem dos fatos, tenhamos que nos deparar com este registro lament\u00e1vel de agress\u00e3o. Infelizmente, \u00e9 uma cena que tem se tornado comum no Brasil atual. Por\u00e9m, como sociedade desenvolvida que pretendemos ser, temos que combater isso de maneira forte e en\u00e9rgica\u201d, afirmou.<\/p>\n\n\n\n<p>O parlamentar \u00e9 autor de projeto de lei que pro\u00edbe a dissemina\u00e7\u00e3o de fake news sobre endemias na Para\u00edba e estabelece multa de at\u00e9 R$ 10,3 mil para quem as repassar de maneira dolosa. Um dos objetivos desta lei \u00e9 valorizar os profissionais de imprensa que fazem jornalismo comprometido com os fatos.<\/p>\n\n\n\n<p>\u201cN\u00e3o \u00e9 justo que os jornalistas que fazem um trabalho s\u00e9rio e comprometido com os fatos tenham que competir com fontes de not\u00edcias duvidosas. Al\u00e9m de verem o seu trabalho valioso ser prejudicado por estes agentes que possuem uma agenda particular, muito antag\u00f4nica do interesse coletivo, ainda s\u00e3o v\u00edtimas de agress\u00f5es f\u00edsicas, verbais e psicol\u00f3gicas porque eventualmente as not\u00edcias falsas confundem a opini\u00e3o p\u00fablica e fazem a popula\u00e7\u00e3o se voltar contra quem trabalha de maneira criteriosa\u201d, concluiu.<\/p>\n\n\n\n<p>Com Pol\u00edtica Parahyba<\/p>\n","protected":false},"excerpt":{"rendered":"<p>O deputado estadual Wilson Filho (PTB-PB) se solidarizou com a classe dos jornalistas ap\u00f3s a agress\u00e3o sofrida por funcion\u00e1rios do Estad\u00e3o enquanto cobriam manifesta\u00e7\u00e3o em&hellip; <\/p>\n","protected":false},"author":1,"featured_media":167834,"comment_status":"closed","ping_status":"closed","sticky":false,"template":"","format":"standard","meta":{"sfsi_plus_gutenberg_text_before_share":"","sfsi_plus_gutenberg_show_text_before_share":"","sfsi_plus_gutenberg_icon_type":"","sfsi_plus_gutenberg_icon_alignemt":"","sfsi_plus_gutenburg_max_per_row":"","footnotes":""},"categories":[2],"tags":[],"class_list":["post-167833","post","type-post","status-publish","format-standard","has-post-thumbnail","hentry","category-geral"],"_links":{"self":[{"href":"https:\/\/www.caririemacao.com\/1\/wp-json\/wp\/v2\/posts\/167833","targetHints":{"allow":["GET"]}}],"collection":[{"href":"https:\/\/www.caririemacao.com\/1\/wp-json\/wp\/v2\/posts"}],"about":[{"href":"https:\/\/www.caririemacao.com\/1\/wp-json\/wp\/v2\/types\/post"}],"author":[{"embeddable":true,"href":"https:\/\/www.caririemacao.com\/1\/wp-json\/wp\/v2\/users\/1"}],"replies":[{"embeddable":true,"href":"https:\/\/www.caririemacao.com\/1\/wp-json\/wp\/v2\/comments?post=167833"}],"version-history":[{"count":2,"href":"https:\/\/www.caririemacao.com\/1\/wp-json\/wp\/v2\/posts\/167833\/revisions"}],"predecessor-version":[{"id":167845,"href":"https:\/\/www.caririemacao.com\/1\/wp-json\/wp\/v2\/posts\/167833\/revisions\/167845"}],"wp:featuredmedia":[{"embeddable":true,"href":"https:\/\/www.caririemacao.com\/1\/wp-json\/wp\/v2\/media\/167834"}],"wp:attachment":[{"href":"https:\/\/www.caririemacao.com\/1\/wp-json\/wp\/v2\/media?parent=167833"}],"wp:term":[{"taxonomy":"category","embeddable":true,"href":"https:\/\/www.caririemacao.com\/1\/wp-json\/wp\/v2\/categories?post=167833"},{"taxonomy":"post_tag","embeddable":true,"href":"https:\/\/www.caririemacao.com\/1\/wp-json\/wp\/v2\/tags?post=167833"}],"curies":[{"name":"wp","href":"https:\/\/api.w.org\/{rel}","templated":true}]}}