{"id":167836,"date":"2020-05-06T17:16:39","date_gmt":"2020-05-06T20:16:39","guid":{"rendered":"https:\/\/www.caririemacao.com\/1\/?p=167836"},"modified":"2020-05-06T17:16:39","modified_gmt":"2020-05-06T20:16:39","slug":"deputado-defende-adiamento-do-enem-muitos-nao-tem-acesso-a-internet-nao-tem-livro-nao-tem-ead","status":"publish","type":"post","link":"https:\/\/www.caririemacao.com\/1\/2020\/05\/06\/deputado-defende-adiamento-do-enem-muitos-nao-tem-acesso-a-internet-nao-tem-livro-nao-tem-ead\/","title":{"rendered":"Deputado defende adiamento do Enem \u201cmuitos n\u00e3o t\u00eam acesso \u00e0 Internet, n\u00e3o t\u00eam livro, n\u00e3o t\u00eam EAD\u201d"},"content":{"rendered":"\n<p>O deputado e presidente da Comiss\u00e3o de Educa\u00e7\u00e3o da C\u00e2mara Federal,&nbsp;<strong>Pedro Cunha Lima (PSDB-PB)<\/strong>, cobrou, durante sess\u00e3o remota, uma posi\u00e7\u00e3o da Casa para o adiamento da data das provas do Exame Nacional do Ensino M\u00e9dio (Enem) e tamb\u00e9m para que se coloque em pauta a discuss\u00e3o do novo Fundeb. Sobre o adiamento do Enem, Pedro destaca que a disputa continua n\u00e3o sendo igualit\u00e1ria entre todos os estudantes brasileiros porque a educa\u00e7\u00e3o p\u00fablica no Pa\u00eds n\u00e3o consegue dar a mesma qualidade que o ensino, mas que agora passa a ter mais um agravante causado pela crise gerada pelo coronav\u00edrus.<\/p>\n\n\n\n<p>Para o tucano, o Minist\u00e9rio da Educa\u00e7\u00e3o n\u00e3o est\u00e1 alcan\u00e7ado a gravidade que \u00e9 manter a data de realiza\u00e7\u00e3o das provas. \u201cA mensagem que o Minist\u00e9rio passa \u00e9 de que o Enem \u00e9 uma competi\u00e7\u00e3o e que ficou mais dif\u00edcil para todo mundo. Essa \u00e9 uma mensagem dif\u00edcil de ouvir, tranquila e passivamente, porque n\u00e3o ficou mais dif\u00edcil para todo mundo de maneira igualit\u00e1ria. \u00c9 n\u00edtida a diferen\u00e7a da realidade de milh\u00f5es de estudantes brasileiros, como j\u00e1 enfatizei nesta fala, pois muitos n\u00e3o t\u00eam acesso \u00e0 Internet, n\u00e3o t\u00eam livro, n\u00e3o t\u00eam EAD, n\u00e3o t\u00eam um ambiente em casa em que possam se sentar, se concentrar e estudar\u201d, observou.<\/p>\n\n\n\n<h2 class=\"wp-block-heading\"><strong>Posi\u00e7\u00e3o do Parlamento&nbsp;<\/strong><\/h2>\n\n\n\n<p>O deputado paraibano fez um apelo aos colegas parlamentares para que a C\u00e2mara tenha uma posi\u00e7\u00e3o un\u00edssona no sentido de respeitar os milh\u00f5es de estudantes brasileiros que vivem uma realidade que impede a sequ\u00eancia de estudos. Para refor\u00e7ar a defesa, Pedro destacou o Projeto de Decreto Legislativo (PDL) do deputado Professor Israel que trata sobre o adiamento das provas do Enem. \u201cO deputado j\u00e1 est\u00e1 coletando assinaturas, inclusive, para que haja urg\u00eancia na vota\u00e7\u00e3o do PDL. Assim, a C\u00e2mara dos Deputados poder\u00e1 cumprir o seu papel e caminhar na dire\u00e7\u00e3o do que \u00e9 justo\u201d, afirmou Pedro.<\/p>\n\n\n\n<h2 class=\"wp-block-heading\"><strong>Fundeb<\/strong><\/h2>\n\n\n\n<p>Pedro tamb\u00e9m defendeu um posicionamento da C\u00e2mara dos Deputados para o Fundo de Manuten\u00e7\u00e3o e Desenvolvimento da Educa\u00e7\u00e3o B\u00e1sica (Fundeb) que perde a validade em dezembro deste ano. S\u00f3 em 2019, dos R$ 248 bilh\u00f5es aplicados nas escolas p\u00fablicas do pa\u00eds, R$ 156 bilh\u00f5es (65% do total) sa\u00edram do Fundeb. \u201cQuero fazer tamb\u00e9m um apelo para que a C\u00e2mara dos Deputados d\u00ea toda a aten\u00e7\u00e3o ao debate do novo Fundeb, que j\u00e1 vem acontecendo h\u00e1 algum tempo. N\u00f3s teremos que votar diretamente no plen\u00e1rio\u201d, defendeu.<\/p>\n\n\n\n<h2 class=\"wp-block-heading\"><strong>Uni\u00e3o<\/strong><\/h2>\n\n\n\n<p>O paramentar destacou ainda que o momento de crise pede uni\u00e3o de todos. \u201cEste n\u00e3o \u00e9 momento de guerra pol\u00edtica. N\u00f3s temos o esp\u00edrito de colabora\u00e7\u00e3o sempre, para que o Brasil atravesse este momento delicado. Ningu\u00e9m est\u00e1 querendo fazer oposi\u00e7\u00e3o do \u2018quanto pior, melhor\u2019. Queremos nos juntar para encontrar as sa\u00eddas de que o Brasil precisa\u201d, disse.<\/p>\n\n\n\n<p>Com Pol\u00edtica Patahyba<\/p>\n","protected":false},"excerpt":{"rendered":"<p>O deputado e presidente da Comiss\u00e3o de Educa\u00e7\u00e3o da C\u00e2mara Federal,&nbsp;Pedro Cunha Lima (PSDB-PB), cobrou, durante sess\u00e3o remota, uma posi\u00e7\u00e3o da Casa para o adiamento&hellip; <\/p>\n","protected":false},"author":1,"featured_media":167837,"comment_status":"closed","ping_status":"closed","sticky":false,"template":"","format":"standard","meta":{"sfsi_plus_gutenberg_text_before_share":"","sfsi_plus_gutenberg_show_text_before_share":"","sfsi_plus_gutenberg_icon_type":"","sfsi_plus_gutenberg_icon_alignemt":"","sfsi_plus_gutenburg_max_per_row":"","footnotes":""},"categories":[11],"tags":[],"class_list":["post-167836","post","type-post","status-publish","format-standard","has-post-thumbnail","hentry","category-politica"],"_links":{"self":[{"href":"https:\/\/www.caririemacao.com\/1\/wp-json\/wp\/v2\/posts\/167836","targetHints":{"allow":["GET"]}}],"collection":[{"href":"https:\/\/www.caririemacao.com\/1\/wp-json\/wp\/v2\/posts"}],"about":[{"href":"https:\/\/www.caririemacao.com\/1\/wp-json\/wp\/v2\/types\/post"}],"author":[{"embeddable":true,"href":"https:\/\/www.caririemacao.com\/1\/wp-json\/wp\/v2\/users\/1"}],"replies":[{"embeddable":true,"href":"https:\/\/www.caririemacao.com\/1\/wp-json\/wp\/v2\/comments?post=167836"}],"version-history":[{"count":1,"href":"https:\/\/www.caririemacao.com\/1\/wp-json\/wp\/v2\/posts\/167836\/revisions"}],"predecessor-version":[{"id":167838,"href":"https:\/\/www.caririemacao.com\/1\/wp-json\/wp\/v2\/posts\/167836\/revisions\/167838"}],"wp:featuredmedia":[{"embeddable":true,"href":"https:\/\/www.caririemacao.com\/1\/wp-json\/wp\/v2\/media\/167837"}],"wp:attachment":[{"href":"https:\/\/www.caririemacao.com\/1\/wp-json\/wp\/v2\/media?parent=167836"}],"wp:term":[{"taxonomy":"category","embeddable":true,"href":"https:\/\/www.caririemacao.com\/1\/wp-json\/wp\/v2\/categories?post=167836"},{"taxonomy":"post_tag","embeddable":true,"href":"https:\/\/www.caririemacao.com\/1\/wp-json\/wp\/v2\/tags?post=167836"}],"curies":[{"name":"wp","href":"https:\/\/api.w.org\/{rel}","templated":true}]}}