{"id":167839,"date":"2020-05-06T17:18:28","date_gmt":"2020-05-06T20:18:28","guid":{"rendered":"https:\/\/www.caririemacao.com\/1\/?p=167839"},"modified":"2020-05-06T17:18:28","modified_gmt":"2020-05-06T20:18:28","slug":"acao-integrada-policias-realizam-operacao-para-prender-membros-de-organizacao-criminosa-em-aroeiras","status":"publish","type":"post","link":"https:\/\/www.caririemacao.com\/1\/2020\/05\/06\/acao-integrada-policias-realizam-operacao-para-prender-membros-de-organizacao-criminosa-em-aroeiras\/","title":{"rendered":"A\u00e7\u00e3o integrada: pol\u00edcias realizam opera\u00e7\u00e3o para prender membros de organiza\u00e7\u00e3o criminosa em Aroeiras"},"content":{"rendered":"\n<p>As pol\u00edcias Civil, Militar e Corpo de Bombeiros&nbsp; deflagraram a \u2018Opera\u00e7\u00e3o Expugno, nesta quarta-feira (6), com o objetivo de dar cumprimento a quatro mandados de pris\u00e3o e sete de busca e apreens\u00e3o domiciliar, conta membros de organiza\u00e7\u00e3o criminosa respons\u00e1vel por homic\u00eddios, roubos e tr\u00e1fico de drogas, na cidade de Aroeiras.<\/p>\n\n\n\n<p>Mais de 50 homens das for\u00e7as de seguran\u00e7a da Para\u00edba est\u00e3o envolvidos na opera\u00e7\u00e3o, 16 viaturas e c\u00e3es farejadores.<\/p>\n\n\n\n<p>At\u00e9 o momento, tr\u00eas pessoas foram presas, armas de fogo e drogas. A opera\u00e7\u00e3o est\u00e1 em andamento.<\/p>\n\n\n\n<p>Mat\u00e9ria em atualiza\u00e7\u00e3o.<\/p>\n\n\n\n<p><strong>Blog do Bruno Lira<\/strong><\/p>\n","protected":false},"excerpt":{"rendered":"<p>As pol\u00edcias Civil, Militar e Corpo de Bombeiros&nbsp; deflagraram a \u2018Opera\u00e7\u00e3o Expugno, nesta quarta-feira (6), com o objetivo de dar cumprimento a quatro mandados de&hellip; <\/p>\n","protected":false},"author":1,"featured_media":167840,"comment_status":"closed","ping_status":"closed","sticky":false,"template":"","format":"standard","meta":{"sfsi_plus_gutenberg_text_before_share":"","sfsi_plus_gutenberg_show_text_before_share":"","sfsi_plus_gutenberg_icon_type":"","sfsi_plus_gutenberg_icon_alignemt":"","sfsi_plus_gutenburg_max_per_row":"","footnotes":""},"categories":[12],"tags":[],"class_list":["post-167839","post","type-post","status-publish","format-standard","has-post-thumbnail","hentry","category-policia"],"_links":{"self":[{"href":"https:\/\/www.caririemacao.com\/1\/wp-json\/wp\/v2\/posts\/167839","targetHints":{"allow":["GET"]}}],"collection":[{"href":"https:\/\/www.caririemacao.com\/1\/wp-json\/wp\/v2\/posts"}],"about":[{"href":"https:\/\/www.caririemacao.com\/1\/wp-json\/wp\/v2\/types\/post"}],"author":[{"embeddable":true,"href":"https:\/\/www.caririemacao.com\/1\/wp-json\/wp\/v2\/users\/1"}],"replies":[{"embeddable":true,"href":"https:\/\/www.caririemacao.com\/1\/wp-json\/wp\/v2\/comments?post=167839"}],"version-history":[{"count":1,"href":"https:\/\/www.caririemacao.com\/1\/wp-json\/wp\/v2\/posts\/167839\/revisions"}],"predecessor-version":[{"id":167841,"href":"https:\/\/www.caririemacao.com\/1\/wp-json\/wp\/v2\/posts\/167839\/revisions\/167841"}],"wp:featuredmedia":[{"embeddable":true,"href":"https:\/\/www.caririemacao.com\/1\/wp-json\/wp\/v2\/media\/167840"}],"wp:attachment":[{"href":"https:\/\/www.caririemacao.com\/1\/wp-json\/wp\/v2\/media?parent=167839"}],"wp:term":[{"taxonomy":"category","embeddable":true,"href":"https:\/\/www.caririemacao.com\/1\/wp-json\/wp\/v2\/categories?post=167839"},{"taxonomy":"post_tag","embeddable":true,"href":"https:\/\/www.caririemacao.com\/1\/wp-json\/wp\/v2\/tags?post=167839"}],"curies":[{"name":"wp","href":"https:\/\/api.w.org\/{rel}","templated":true}]}}