{"id":167842,"date":"2020-05-06T17:20:10","date_gmt":"2020-05-06T20:20:10","guid":{"rendered":"https:\/\/www.caririemacao.com\/1\/?p=167842"},"modified":"2020-05-06T17:20:10","modified_gmt":"2020-05-06T20:20:10","slug":"se-nao-tivessemos-agido-em-marco-teriamos-hoje-praticamente-10-mil-casos-de-covid-19-revela-joao-azevedo","status":"publish","type":"post","link":"https:\/\/www.caririemacao.com\/1\/2020\/05\/06\/se-nao-tivessemos-agido-em-marco-teriamos-hoje-praticamente-10-mil-casos-de-covid-19-revela-joao-azevedo\/","title":{"rendered":"\u201cSe n\u00e3o tiv\u00e9ssemos agido em mar\u00e7o, ter\u00edamos hoje praticamente 10 mil casos de Covid-19\u201d revela Jo\u00e3o Azev\u00eado"},"content":{"rendered":"\n<p>O governador Jo\u00e3o Azev\u00eado voltou a refor\u00e7ar seu discurso a favor do isolamento social durante entrevista a uma TV do Sert\u00e3o do estado.<\/p>\n\n\n\n<p>Azev\u00eado ressaltou a import\u00e2ncia das medidas restritivas tomadas de forma precoce na Para\u00edba que fizeram com que a curva de crescimento da prolifera\u00e7\u00e3o do novo coronav\u00edrus fosse modificada.<\/p>\n\n\n\n<p>Ao detalhar os \u00edndices de isolamento no estado Jo\u00e3o ainda refor\u00e7ou a necessidade real das pessoas terem uma consci\u00eancia coletiva.<\/p>\n\n\n\n<p>\u201c\u00c9 um esfor\u00e7o muito grande e s\u00f3 \u00e9 poss\u00edvel quando voc\u00ea tem a popula\u00e7\u00e3o colaborando para podermos atender essa meta. Temos que pensar de forma coletiva e esquecer o ego\u00edsmo, h\u00e1 uma necessidade real de nesse momento as pessoas terem uma consci\u00eancia coletiva\u201d declarou.<\/p>\n\n\n\n<p><strong><em>Medidas restritivas<\/em><\/strong><\/p>\n\n\n\n<p>Com atua\u00e7\u00e3o efetiva desde meados do m\u00eas de mar\u00e7o para poder impedir o avan\u00e7o da covid-19 no estado, Jo\u00e3o revelou que caso n\u00e3o tivessem havido o in\u00edcio do isolamento \u00e0 \u00e9poca, a Para\u00edba j\u00e1 teria ultrapassado a barreira dos 10 mil casos confirmados e possivelmente chegado ao colapso na Sa\u00fade, que traria como consequ\u00eancia diversas mortes.<\/p>\n\n\n\n<p>\u201c\u00c9 preciso que se historie todo o processo, no dia 13 de mar\u00e7o n\u00f3s decretamos o estado de emerg\u00eancia, dia 20 o fechamento de v\u00e1rias atividades econ\u00f4micas no estado e cidades com casos confirmados e naquela \u00e9poca t\u00ednhamos 14 casos s\u00f3. Come\u00e7amos a tomar as medidas que para alguns era cedo demais mas a grande diferen\u00e7a est\u00e1 em antecipar essas medidas fazendo com que no dia 22 de mar\u00e7o tiv\u00e9ssemos o maior \u00edndice de isolamento que foi 69%, isso n\u00e3o se manteve, as pessoas come\u00e7aram a relaxar a creditar em alguns discursos de que isso n\u00e3o existe e \u00e9 coisa de comunista e de partido pol\u00edtico e isso tudo fez com que a popula\u00e7\u00e3o voltasse a transitar. O \u00edndice na Para\u00edba est\u00e1 em torno de 45% e isso \u00e9 preocupante. Se n\u00e3o tiv\u00e9ssemos tomado a medida que tomamos em mar\u00e7o, ter\u00edamos hoje praticamente 10 mil casos de covid-19 com o n\u00famero de mortes muito maior do que temos hoje\u201d disse.<\/p>\n\n\n\n<p><strong><em>PB Agora<\/em><\/strong><\/p>\n","protected":false},"excerpt":{"rendered":"<p>O governador Jo\u00e3o Azev\u00eado voltou a refor\u00e7ar seu discurso a favor do isolamento social durante entrevista a uma TV do Sert\u00e3o do estado. Azev\u00eado ressaltou&hellip; <\/p>\n","protected":false},"author":1,"featured_media":167843,"comment_status":"closed","ping_status":"closed","sticky":false,"template":"","format":"standard","meta":{"sfsi_plus_gutenberg_text_before_share":"","sfsi_plus_gutenberg_show_text_before_share":"","sfsi_plus_gutenberg_icon_type":"","sfsi_plus_gutenberg_icon_alignemt":"","sfsi_plus_gutenburg_max_per_row":"","footnotes":""},"categories":[50],"tags":[],"class_list":["post-167842","post","type-post","status-publish","format-standard","has-post-thumbnail","hentry","category-destaque"],"_links":{"self":[{"href":"https:\/\/www.caririemacao.com\/1\/wp-json\/wp\/v2\/posts\/167842","targetHints":{"allow":["GET"]}}],"collection":[{"href":"https:\/\/www.caririemacao.com\/1\/wp-json\/wp\/v2\/posts"}],"about":[{"href":"https:\/\/www.caririemacao.com\/1\/wp-json\/wp\/v2\/types\/post"}],"author":[{"embeddable":true,"href":"https:\/\/www.caririemacao.com\/1\/wp-json\/wp\/v2\/users\/1"}],"replies":[{"embeddable":true,"href":"https:\/\/www.caririemacao.com\/1\/wp-json\/wp\/v2\/comments?post=167842"}],"version-history":[{"count":1,"href":"https:\/\/www.caririemacao.com\/1\/wp-json\/wp\/v2\/posts\/167842\/revisions"}],"predecessor-version":[{"id":167844,"href":"https:\/\/www.caririemacao.com\/1\/wp-json\/wp\/v2\/posts\/167842\/revisions\/167844"}],"wp:featuredmedia":[{"embeddable":true,"href":"https:\/\/www.caririemacao.com\/1\/wp-json\/wp\/v2\/media\/167843"}],"wp:attachment":[{"href":"https:\/\/www.caririemacao.com\/1\/wp-json\/wp\/v2\/media?parent=167842"}],"wp:term":[{"taxonomy":"category","embeddable":true,"href":"https:\/\/www.caririemacao.com\/1\/wp-json\/wp\/v2\/categories?post=167842"},{"taxonomy":"post_tag","embeddable":true,"href":"https:\/\/www.caririemacao.com\/1\/wp-json\/wp\/v2\/tags?post=167842"}],"curies":[{"name":"wp","href":"https:\/\/api.w.org\/{rel}","templated":true}]}}