{"id":167846,"date":"2020-05-06T17:43:04","date_gmt":"2020-05-06T20:43:04","guid":{"rendered":"https:\/\/www.caririemacao.com\/1\/?p=167846"},"modified":"2020-05-06T17:43:04","modified_gmt":"2020-05-06T20:43:04","slug":"radialista-serra-branquense-testa-negativo-para-covid-19-e-agradece-mensagens-de-carinho-da-populacao","status":"publish","type":"post","link":"https:\/\/www.caririemacao.com\/1\/2020\/05\/06\/radialista-serra-branquense-testa-negativo-para-covid-19-e-agradece-mensagens-de-carinho-da-populacao\/","title":{"rendered":"Radialista serra-branquense testa negativo para Covid-19 e agradece mensagens de carinho da popula\u00e7\u00e3o"},"content":{"rendered":"\n<p>O radialista da Serra Branca FM, J\u00fanior Queiroz, divulgou atrav\u00e9s de suas redes sociais na manh\u00e3 desta quarta-feira(06) que testou negativo para o Covid-19 (novo coronav\u00edrus). Semana passada, o profissional serra-branquense gravou um v\u00eddeo falando que estava com alguns sintomas, como febre e por isso, preferiu se ausentar da emissora.<\/p>\n\n\n\n<p>Consciente da sua responsabilidade, J\u00fanior Queiroz procurou o Hospital de Serra Branca, onde foi orientado pelos profissionais de sa\u00fade que deveria permanecer em isolamento domiciliar e mesmo com sintomas leves seria necess\u00e1rio fazer o exame, sendo colocado como caso suspeito do Covid-19.<\/p>\n\n\n\n<p>Nesta quarta, J\u00fanior Queiroz voltou a unidade hospitalar e realizou o teste r\u00e1pido que deu negativo. \u201cAcabei de chegar do hospital onde fiz o teste que deu negativo para Covid-19. Desde j\u00e1, agrade\u00e7o a Deus primeiramente e a todos os meus familiares, amigos e a toda popula\u00e7\u00e3o da regi\u00e3o, que nos \u00faltimos dias me mandou in\u00fameras mensagens de carinho e afeto, \u00e0 todos meu muito obrigado\u201d, agradeceu o radialista.<\/p>\n\n\n\n<p>O apresentador do \u2018Jornal da Tarde\u2019 da R\u00e1dio Serra Branca FM vai terminar sua quarentena apenas por precau\u00e7\u00e3o e orienta\u00e7\u00e3o m\u00e9dica.<\/p>\n\n\n\n<p><strong>De Olho no Cariri<\/strong><\/p>\n\n\n\n<p><em>Opini\u00e3o PB<\/em><\/p>\n","protected":false},"excerpt":{"rendered":"<p>O radialista da Serra Branca FM, J\u00fanior Queiroz, divulgou atrav\u00e9s de suas redes sociais na manh\u00e3 desta quarta-feira(06) que testou negativo para o Covid-19 (novo&hellip; <\/p>\n","protected":false},"author":1,"featured_media":167847,"comment_status":"closed","ping_status":"closed","sticky":false,"template":"","format":"standard","meta":{"sfsi_plus_gutenberg_text_before_share":"","sfsi_plus_gutenberg_show_text_before_share":"","sfsi_plus_gutenberg_icon_type":"","sfsi_plus_gutenberg_icon_alignemt":"","sfsi_plus_gutenburg_max_per_row":"","footnotes":""},"categories":[6],"tags":[],"class_list":["post-167846","post","type-post","status-publish","format-standard","has-post-thumbnail","hentry","category-cidades"],"_links":{"self":[{"href":"https:\/\/www.caririemacao.com\/1\/wp-json\/wp\/v2\/posts\/167846","targetHints":{"allow":["GET"]}}],"collection":[{"href":"https:\/\/www.caririemacao.com\/1\/wp-json\/wp\/v2\/posts"}],"about":[{"href":"https:\/\/www.caririemacao.com\/1\/wp-json\/wp\/v2\/types\/post"}],"author":[{"embeddable":true,"href":"https:\/\/www.caririemacao.com\/1\/wp-json\/wp\/v2\/users\/1"}],"replies":[{"embeddable":true,"href":"https:\/\/www.caririemacao.com\/1\/wp-json\/wp\/v2\/comments?post=167846"}],"version-history":[{"count":1,"href":"https:\/\/www.caririemacao.com\/1\/wp-json\/wp\/v2\/posts\/167846\/revisions"}],"predecessor-version":[{"id":167848,"href":"https:\/\/www.caririemacao.com\/1\/wp-json\/wp\/v2\/posts\/167846\/revisions\/167848"}],"wp:featuredmedia":[{"embeddable":true,"href":"https:\/\/www.caririemacao.com\/1\/wp-json\/wp\/v2\/media\/167847"}],"wp:attachment":[{"href":"https:\/\/www.caririemacao.com\/1\/wp-json\/wp\/v2\/media?parent=167846"}],"wp:term":[{"taxonomy":"category","embeddable":true,"href":"https:\/\/www.caririemacao.com\/1\/wp-json\/wp\/v2\/categories?post=167846"},{"taxonomy":"post_tag","embeddable":true,"href":"https:\/\/www.caririemacao.com\/1\/wp-json\/wp\/v2\/tags?post=167846"}],"curies":[{"name":"wp","href":"https:\/\/api.w.org\/{rel}","templated":true}]}}