{"id":167849,"date":"2020-05-07T06:23:29","date_gmt":"2020-05-07T09:23:29","guid":{"rendered":"https:\/\/www.caririemacao.com\/1\/?p=167849"},"modified":"2020-05-07T06:23:29","modified_gmt":"2020-05-07T09:23:29","slug":"pb-convoca-120-selecionados-para-trabalhar-como-servicos-gerais-em-hospitais-do-estado","status":"publish","type":"post","link":"https:\/\/www.caririemacao.com\/1\/2020\/05\/07\/pb-convoca-120-selecionados-para-trabalhar-como-servicos-gerais-em-hospitais-do-estado\/","title":{"rendered":"PB convoca 120 selecionados para trabalhar como servi\u00e7os gerais em hospitais do Estado"},"content":{"rendered":"\n<h1 class=\"wp-block-heading\"><a rel=\"noreferrer noopener\" href=\"https:\/\/api.whatsapp.com\/send?text=https:\/\/fonte83.com.br\/pb-convoca-120-selecionados-para-trabalhar-como-servicos-gerais-em-hospitais-do-estado\" target=\"_blank\"><\/a><\/h1>\n\n\n\n<p>O Governo do Estado divulgou a primeira lista de 120 profissionais selecionados e convocados para trabalhar no cargo de auxiliar de servi\u00e7os gerais em hospitais da Para\u00edba durante \u00e0 pandemia do novo Coronav\u00edrus. A convoca\u00e7\u00e3o foi publicada na edi\u00e7\u00e3o desta quarta-feira (6). Veja aqui.<\/p>\n\n\n\n<p>Os profissionais ser\u00e3o distribu\u00eddos nos hospitais Clementino Fraga, na Maternidade Frei Dami\u00e3o, ambos em Jo\u00e3o Pessoa, no Hospital Metropolitano de Santa Rita, nas UPAs de Santa Rita e Guarabira, no Hospital de Trauma de Campina Grande, no Hospital Regional de Patos, no Hospital Regional de Cajazeiras e nas UPAs de Cajazeiras e Princesa Isabel.<\/p>\n\n\n\n<p>Os candidatos convocados s\u00e3o obrigados a se apresentar com c\u00f3pias, acompanhadas dos originais, de toda documenta\u00e7\u00e3o exigida no edital. O profissional selecionado que n\u00e3o apresentar os documentos fica sujeito a n\u00e3o assinatura do contrato de trabalho.<\/p>\n","protected":false},"excerpt":{"rendered":"<p>O Governo do Estado divulgou a primeira lista de 120 profissionais selecionados e convocados para trabalhar no cargo de auxiliar de servi\u00e7os gerais em hospitais&hellip; <\/p>\n","protected":false},"author":2,"featured_media":87673,"comment_status":"closed","ping_status":"closed","sticky":false,"template":"","format":"standard","meta":{"sfsi_plus_gutenberg_text_before_share":"","sfsi_plus_gutenberg_show_text_before_share":"","sfsi_plus_gutenberg_icon_type":"","sfsi_plus_gutenberg_icon_alignemt":"","sfsi_plus_gutenburg_max_per_row":"","footnotes":""},"categories":[16],"tags":[],"class_list":["post-167849","post","type-post","status-publish","format-standard","has-post-thumbnail","hentry","category-saude"],"_links":{"self":[{"href":"https:\/\/www.caririemacao.com\/1\/wp-json\/wp\/v2\/posts\/167849","targetHints":{"allow":["GET"]}}],"collection":[{"href":"https:\/\/www.caririemacao.com\/1\/wp-json\/wp\/v2\/posts"}],"about":[{"href":"https:\/\/www.caririemacao.com\/1\/wp-json\/wp\/v2\/types\/post"}],"author":[{"embeddable":true,"href":"https:\/\/www.caririemacao.com\/1\/wp-json\/wp\/v2\/users\/2"}],"replies":[{"embeddable":true,"href":"https:\/\/www.caririemacao.com\/1\/wp-json\/wp\/v2\/comments?post=167849"}],"version-history":[{"count":1,"href":"https:\/\/www.caririemacao.com\/1\/wp-json\/wp\/v2\/posts\/167849\/revisions"}],"predecessor-version":[{"id":167850,"href":"https:\/\/www.caririemacao.com\/1\/wp-json\/wp\/v2\/posts\/167849\/revisions\/167850"}],"wp:featuredmedia":[{"embeddable":true,"href":"https:\/\/www.caririemacao.com\/1\/wp-json\/wp\/v2\/media\/87673"}],"wp:attachment":[{"href":"https:\/\/www.caririemacao.com\/1\/wp-json\/wp\/v2\/media?parent=167849"}],"wp:term":[{"taxonomy":"category","embeddable":true,"href":"https:\/\/www.caririemacao.com\/1\/wp-json\/wp\/v2\/categories?post=167849"},{"taxonomy":"post_tag","embeddable":true,"href":"https:\/\/www.caririemacao.com\/1\/wp-json\/wp\/v2\/tags?post=167849"}],"curies":[{"name":"wp","href":"https:\/\/api.w.org\/{rel}","templated":true}]}}