{"id":167858,"date":"2020-05-07T06:37:04","date_gmt":"2020-05-07T09:37:04","guid":{"rendered":"https:\/\/www.caririemacao.com\/1\/?p=167858"},"modified":"2020-05-07T06:37:04","modified_gmt":"2020-05-07T09:37:04","slug":"novo-diretor-da-policia-federal-define-equipe-e-deve-trocar-superintendente-da-paraiba","status":"publish","type":"post","link":"https:\/\/www.caririemacao.com\/1\/2020\/05\/07\/novo-diretor-da-policia-federal-define-equipe-e-deve-trocar-superintendente-da-paraiba\/","title":{"rendered":"Novo diretor da Pol\u00edcia Federal define equipe e deve trocar superintendente da Para\u00edba"},"content":{"rendered":"\n<h1 class=\"wp-block-heading\"><\/h1>\n\n\n\n<p>O novo diretor-geral da Pol\u00edcia Federal, Rolando Alexandre de Souza, j\u00e1 definiu parte de seu time na diretoria. O an\u00fancio das trocas dever\u00e1 ser feito at\u00e9 o final da semana e e entre as mudan\u00e7as dever\u00e1 ser realizada a troca do superintendente da Para\u00edba, que atualmente \u00e9 Andr\u00e9 Viana Andrade.&nbsp;Andr\u00e9 por sua vez dever\u00e1 assumir a dire\u00e7\u00e3o de Log\u00edstica.&nbsp;<\/p>\n\n\n\n<p>Segundo a Folha de S. Paulo o rec\u00e9m-empossado da PF promover\u00e1 a troca de cinco superintendentes. Al\u00e9m da Para\u00edba, dever\u00e1 ter altera\u00e7\u00f5es no&nbsp;Rio Grande do Sul, Alagoas, Tocantins e o do&nbsp;Rio de Janeiro, Carlos Henrique Oliveira.&nbsp;<\/p>\n\n\n\n<p>O delegado Igor Rom\u00e1rio, indicado por Valeixo, permanecer\u00e1 no cargo de Diretor de Combate ao Crime Organizado (Dicor). Ele \u00e9 um dos s\u00edmbolos da Lava Jato de Curitiba. O diretor da Diretoria de Tecnologia da Informa\u00e7\u00e3o e Inova\u00e7\u00e3o (DTI) tamb\u00e9m dever\u00e1 ser mantido no cargo.<\/p>\n\n\n\n<p>Ainda de acordo com a publica\u00e7\u00e3o, o diretor-executivo, n\u00famero dois na hierarquia da PF, ser\u00e1 Carlos Henrique Oliveira, atual superintendente do Rio. O diretor de Intelig\u00eancia ser\u00e1 Alexandre da Silveira Isbarrola, atual superintendente do Rio Grande do Sul.<\/p>\n\n\n\n<p>O corregedor-geral ser\u00e1 Jo\u00e3o Vianey Xavier Filho, atual chefe da PF de Alagoas.&nbsp;J\u00e1 para a diretoria de Gest\u00e3o de Pessoal dever\u00e1 noemar Cec\u00edlia Silva Franco, atual comandante da pol\u00edcia de Tocantins.<\/p>\n\n\n\n<p><strong>Continua depois da publicidade<\/strong><\/p>\n\n\n\n<p>No entanto, a troca no comando na Superintend\u00eancia da Pol\u00edcia Federal no Rio de Janeiro, ser\u00e1 investigada no mesmo inqu\u00e9rito aberto pela Procuradoria-Geral da Republica para apurar as den\u00fancias do ex-ministro da Justi\u00e7a e da Seguran\u00e7a P\u00fablica, Sergio Moro, contra o presidente Jair Bolsonaro. Segundo as acusa\u00e7\u00f5es de Moro, o chefe do governo interferiu politicamente na PF para ter acesso a inqu\u00e9ritos e a relat\u00f3rios de intelig\u00eancia do \u00f3rg\u00e3o.<\/p>\n\n\n\n<p>Bolsonaro empossou o novo diretor-geral da PF, Rollando Alexandre de Souza, em uma r\u00e1pida cerim\u00f4nia na segunda-feira, menos de uma hora depois da publica\u00e7\u00e3o da nomea\u00e7\u00e3o no Di\u00e1rio Oficial da Uni\u00e3o (DOU). Souza era um dos diretores da Ag\u00eancia Brasileira de Intelig\u00eancia (Abin), tendo sido bra\u00e7o direito do chefe do \u00f3rg\u00e3o, Alexandre Ramagem, amigo da fam\u00edlia Bolsonaro e cuja nomea\u00e7\u00e3o para o comando da PF foi suspensa pelo ministro Alexandre de Moraes, do Supremo Tribunal Federal (STF). O magistrado apontou desvio de finalidade na nomea\u00e7\u00e3o.<\/p>\n\n\n\n<p>As mudan\u00e7as em tempo recorde da superintend\u00eancia da PF no Rio chamaram a aten\u00e7\u00e3o das autoridades. Os investigadores querem saber se o fato tem liga\u00e7\u00e3o com a suposta interfer\u00eancia de Bolsonaro nas atividades da corpora\u00e7\u00e3o.&nbsp;&nbsp;<\/p>\n","protected":false},"excerpt":{"rendered":"<p>O novo diretor-geral da Pol\u00edcia Federal, Rolando Alexandre de Souza, j\u00e1 definiu parte de seu time na diretoria. O an\u00fancio das trocas dever\u00e1 ser feito&hellip; <\/p>\n","protected":false},"author":2,"featured_media":167859,"comment_status":"closed","ping_status":"closed","sticky":false,"template":"","format":"standard","meta":{"sfsi_plus_gutenberg_text_before_share":"","sfsi_plus_gutenberg_show_text_before_share":"","sfsi_plus_gutenberg_icon_type":"","sfsi_plus_gutenberg_icon_alignemt":"","sfsi_plus_gutenburg_max_per_row":"","footnotes":""},"categories":[2],"tags":[],"class_list":["post-167858","post","type-post","status-publish","format-standard","has-post-thumbnail","hentry","category-geral"],"_links":{"self":[{"href":"https:\/\/www.caririemacao.com\/1\/wp-json\/wp\/v2\/posts\/167858","targetHints":{"allow":["GET"]}}],"collection":[{"href":"https:\/\/www.caririemacao.com\/1\/wp-json\/wp\/v2\/posts"}],"about":[{"href":"https:\/\/www.caririemacao.com\/1\/wp-json\/wp\/v2\/types\/post"}],"author":[{"embeddable":true,"href":"https:\/\/www.caririemacao.com\/1\/wp-json\/wp\/v2\/users\/2"}],"replies":[{"embeddable":true,"href":"https:\/\/www.caririemacao.com\/1\/wp-json\/wp\/v2\/comments?post=167858"}],"version-history":[{"count":1,"href":"https:\/\/www.caririemacao.com\/1\/wp-json\/wp\/v2\/posts\/167858\/revisions"}],"predecessor-version":[{"id":167860,"href":"https:\/\/www.caririemacao.com\/1\/wp-json\/wp\/v2\/posts\/167858\/revisions\/167860"}],"wp:featuredmedia":[{"embeddable":true,"href":"https:\/\/www.caririemacao.com\/1\/wp-json\/wp\/v2\/media\/167859"}],"wp:attachment":[{"href":"https:\/\/www.caririemacao.com\/1\/wp-json\/wp\/v2\/media?parent=167858"}],"wp:term":[{"taxonomy":"category","embeddable":true,"href":"https:\/\/www.caririemacao.com\/1\/wp-json\/wp\/v2\/categories?post=167858"},{"taxonomy":"post_tag","embeddable":true,"href":"https:\/\/www.caririemacao.com\/1\/wp-json\/wp\/v2\/tags?post=167858"}],"curies":[{"name":"wp","href":"https:\/\/api.w.org\/{rel}","templated":true}]}}