{"id":167862,"date":"2020-05-07T06:43:02","date_gmt":"2020-05-07T09:43:02","guid":{"rendered":"https:\/\/www.caririemacao.com\/1\/?p=167862"},"modified":"2020-05-07T06:43:02","modified_gmt":"2020-05-07T09:43:02","slug":"cfo-2021-utilizara-nota-do-enem-para-exame-intelectual-candidatos-deverao-ter-ensino-superior-completo","status":"publish","type":"post","link":"https:\/\/www.caririemacao.com\/1\/2020\/05\/07\/cfo-2021-utilizara-nota-do-enem-para-exame-intelectual-candidatos-deverao-ter-ensino-superior-completo\/","title":{"rendered":"CFO 2021 utilizar\u00e1 nota do Enem para exame intelectual; candidatos dever\u00e3o ter ensino superior completo"},"content":{"rendered":"\n<h1 class=\"wp-block-heading\"><\/h1>\n\n\n\n<h3 class=\"wp-block-heading\"><\/h3>\n\n\n\n<p>O Curso de Forma\u00e7\u00e3o de Oficiais (CFO) 2021 utilizar\u00e1 a nota do Enem para o exame intelectual e os candidatos dever\u00e3o ter ensino superior completo. A informa\u00e7\u00e3o foi publicada no Di\u00e1rio Oficial desta quarta-feira (06).&nbsp;<\/p>\n\n\n\n<figure class=\"wp-block-image\"><img decoding=\"async\" data-src=\"https:\/\/www.clickpb.com.br\/media\/filer_public\/9d\/07\/9d071a48-0a84-4e98-9ff5-4bc011ca41ac\/whatsapp_image_2020-05-06_at_094750.jpeg\" alt=\"\" src=\"data:image\/svg+xml;base64,PHN2ZyB3aWR0aD0iMSIgaGVpZ2h0PSIxIiB4bWxucz0iaHR0cDovL3d3dy53My5vcmcvMjAwMC9zdmciPjwvc3ZnPg==\" class=\"lazyload\" \/><\/figure>\n\n\n\n<p>O Portal ClickPB tinha antecipado as mudan\u00e7as durante uma entrevista com coronel Jos\u00e9 Ronildo Souza da Silva, em julho de 2019.&nbsp;<\/p>\n\n\n\n<ul class=\"wp-block-list\"><li><a href=\"https:\/\/www.clickpb.com.br\/emprego\/coronel-detalha-novidades-no-cfo-sem-enem-com-ensino-superior-e-estudo-de-livre-concorrencia-entre-homens-e-mulheres-264108.html\">Coronel detalha novidades no CFO sem Enem, com ensino superior e estudo de livre concorr\u00eancia entre homens e mulheres<\/a><\/li><\/ul>\n\n\n\n<p>A publica\u00e7\u00e3o recomenda que os interessados fa\u00e7am a suas inscri\u00e7\u00f5es&nbsp;no Enem 2020&nbsp; e aguardem a publica\u00e7\u00e3o do edital.&nbsp;<\/p>\n","protected":false},"excerpt":{"rendered":"<p>O Curso de Forma\u00e7\u00e3o de Oficiais (CFO) 2021 utilizar\u00e1 a nota do Enem para o exame intelectual e os candidatos dever\u00e3o ter ensino superior completo.&hellip; <\/p>\n","protected":false},"author":2,"featured_media":167863,"comment_status":"closed","ping_status":"closed","sticky":false,"template":"","format":"standard","meta":{"sfsi_plus_gutenberg_text_before_share":"","sfsi_plus_gutenberg_show_text_before_share":"","sfsi_plus_gutenberg_icon_type":"","sfsi_plus_gutenberg_icon_alignemt":"","sfsi_plus_gutenburg_max_per_row":"","footnotes":""},"categories":[2],"tags":[],"class_list":["post-167862","post","type-post","status-publish","format-standard","has-post-thumbnail","hentry","category-geral"],"_links":{"self":[{"href":"https:\/\/www.caririemacao.com\/1\/wp-json\/wp\/v2\/posts\/167862","targetHints":{"allow":["GET"]}}],"collection":[{"href":"https:\/\/www.caririemacao.com\/1\/wp-json\/wp\/v2\/posts"}],"about":[{"href":"https:\/\/www.caririemacao.com\/1\/wp-json\/wp\/v2\/types\/post"}],"author":[{"embeddable":true,"href":"https:\/\/www.caririemacao.com\/1\/wp-json\/wp\/v2\/users\/2"}],"replies":[{"embeddable":true,"href":"https:\/\/www.caririemacao.com\/1\/wp-json\/wp\/v2\/comments?post=167862"}],"version-history":[{"count":1,"href":"https:\/\/www.caririemacao.com\/1\/wp-json\/wp\/v2\/posts\/167862\/revisions"}],"predecessor-version":[{"id":167864,"href":"https:\/\/www.caririemacao.com\/1\/wp-json\/wp\/v2\/posts\/167862\/revisions\/167864"}],"wp:featuredmedia":[{"embeddable":true,"href":"https:\/\/www.caririemacao.com\/1\/wp-json\/wp\/v2\/media\/167863"}],"wp:attachment":[{"href":"https:\/\/www.caririemacao.com\/1\/wp-json\/wp\/v2\/media?parent=167862"}],"wp:term":[{"taxonomy":"category","embeddable":true,"href":"https:\/\/www.caririemacao.com\/1\/wp-json\/wp\/v2\/categories?post=167862"},{"taxonomy":"post_tag","embeddable":true,"href":"https:\/\/www.caririemacao.com\/1\/wp-json\/wp\/v2\/tags?post=167862"}],"curies":[{"name":"wp","href":"https:\/\/api.w.org\/{rel}","templated":true}]}}