{"id":167870,"date":"2020-05-07T07:02:37","date_gmt":"2020-05-07T10:02:37","guid":{"rendered":"https:\/\/www.caririemacao.com\/1\/?p=167870"},"modified":"2020-05-07T07:02:37","modified_gmt":"2020-05-07T10:02:37","slug":"numero-de-mortes-por-coronavirus-na-pb-passa-de-100","status":"publish","type":"post","link":"https:\/\/www.caririemacao.com\/1\/2020\/05\/07\/numero-de-mortes-por-coronavirus-na-pb-passa-de-100\/","title":{"rendered":"N\u00famero de mortes por coronav\u00edrus na PB passa de 100"},"content":{"rendered":"\n<h1 class=\"wp-block-heading\"><\/h1>\n\n\n\n<p>O Boletim Epidemiol\u00f3gico divulgado pela Secretaria de Estado da Sa\u00fade nesta quarta-feira (6) mostrou que a Para\u00edba chegou a 101 v\u00edtimas de coronav\u00edrus.<\/p>\n\n\n\n<p>O documento aponta tamb\u00e9m a notifica\u00e7\u00e3o de 164 novos casos da doen\u00e7a, ocasionando a confirma\u00e7\u00e3o de 1.657 casos no Estado.<\/p>\n\n\n\n<p>De acordo com a Secretaria de Sa\u00fade, deste total, 320 j\u00e1 se recuperaram e outros 2.247 casos foram descartados.<\/p>\n\n\n\n<p>O Boletim destaca tamb\u00e9m que 51% dos leitos de UTI voltados para o atendimento de casos de coronav\u00edrus est\u00e3o ocupados.<\/p>\n\n\n\n<p>Isso significa a ocupa\u00e7\u00e3o de 197 leitos de um total de 370 dispon\u00edveis.<\/p>\n\n\n\n<p>Os casos confirmados est\u00e3o em 79 munic\u00edpios paraibanos, 4 novos desde o \u00faltimo boletim:<\/p>\n\n\n\n<p>Alagoa Grande (3); Alagoa Nova (1); Alagoinha (1); Alhandra (15); Ara\u00e7agi (3); Areia (3); Barra de S\u00e3o Miguel (1); Bayeux (58); Bom Jesus (1); Boqueir\u00e3o (1); Brejo do Cruz (1); Caapor\u00e3 (13); Cabedelo (57); Cai\u00e7ara (2); Cajazeiras (14); Campina Grande (78); Capim (1); Casserengue (1); Catingueira (1); Condado (2); Conde (19); Congo (1); Coremas (3); Coxixola (3); Cruz do Esp\u00edrito Santo (9); Esperan\u00e7a (2); Guarabira (36); Gurinh\u00e9m (2); Igaracy (1); Imaculada (3); Itabaiana (3); Itaporanga (2); Itapororoca (4); Jo\u00e3o Pessoa (907); Juazeirinho (1); Junco do Serid\u00f3 (3); Lagoa Seca (2); Lucena (9); Mamanguape (4); Mari (13); Mariz\u00f3polis (3); Massaranduba (1); Mataraca (1); Matinhas (1) Monteiro (2); Mulungu (3); Nova Floresta (1) Patos (40); Pedras de Fogo (15); Pianc\u00f3 (3); Pilar (4); Pil\u00f5es(1); Pil\u00f5ezinhos (2); Pirpirituba (2); Pitimbu (6); Pombal (2); Princesa Isabel (2); Queimadas (2); Rem\u00edgio (1) Riach\u00e3o Po\u00e7o (1); Riacho dos Cavalos (1); Rio Tinto (7); Santa Helena (1); Santa Luzinha (1); Santa Rita (162); S\u00e3o Bento (5); S\u00e3o Jo\u00e3o do Rio do Peixe (6); S\u00e3o Jos\u00e9 de Espinharas (1); S\u00e3o Jos\u00e9 de Piranhas (1); S\u00e3o Jos\u00e9 do Bonfim (1); S\u00e3o Sebasti\u00e3o de Lagoa de Ro\u00e7a (1); Sap\u00e9 (55); Serra Branca (1); Serra da Raiz (1); Serra Redonda (1); Sousa (19); Tapero\u00e1 (13); Uira\u00fana (1); Umbuzeiro (2).<\/p>\n\n\n\n<p>9 \u00f3bitos foram notificados nas \u00faltimas 24h:<\/p>\n\n\n\n<p>Homem, adulto, 51 anos, com comorbidade; Hipertenso, residente em Jo\u00e3o Pessoa, in\u00edcio dos sintomas no dia 19\/04\/2020, interno em hospital p\u00fablico e veio a \u00f3bito no dia 05\/05\/2020.<\/p>\n\n\n\n<p>Homem, idoso, 68 anos, com comorbidade; Doen\u00e7a Cardiovascular, Diab\u00e9tico, Hipertenso, residente em Santa Rita, in\u00edcio dos sintomas no dia 25\/04\/2020, interno em hospital p\u00fablico e veio a \u00f3bito no dia 01\/05\/2020.<\/p>\n\n\n\n<p>Mulher, idosa, 67 anos, com comorbidade; Hipertensa, residente em Patos, in\u00edcio do sintomas no dia 26\/04\/2020, interno em hospital p\u00fablico e veio a \u00f3bito no dia 01\/05\/2020.<\/p>\n\n\n\n<p>Mulher, adulta, 44 anos, com comorbidade; Arritmia Card\u00edaca, residente em Jo\u00e3o Pessoa, in\u00edcio do sintomas no dia 27\/04\/2020, interno em hospital p\u00fablico e veio a \u00f3bito no dia 05\/05\/2020.<\/p>\n\n\n\n<p>Homem, idoso, 84 anos, com comorbidade,diab\u00e9tico; Hipertenso, residente em Alhandra, in\u00edcio do sintomas no dia 01\/05\/2020, interno em hospital p\u00fablico e veio a \u00f3bito no dia 04\/05\/2020.<\/p>\n\n\n\n<p>Homem, adulto, 43 anos; Diab\u00e9tico, Hipertenso, residente em Itapororoca, in\u00edcio do sintomas no dia 17\/04\/2020, interno em hospital p\u00fablico e veio a \u00f3bito no dia 05\/05\/2020.<\/p>\n\n\n\n<p>Homem, adulto, 57 anos, sem comorbidade, residente em Patos; in\u00edcio do sintomas no dia 26\/04\/2020, interno em hospital p\u00fablico e veio a \u00f3bito no dia 06\/05\/2020.<\/p>\n\n\n\n<p>Homem, adulto, 48 anos, com comorbidade; Doen\u00e7a Cardiovascular Cr\u00f4nica, Hipertenso, residente em Jo\u00e3o Pessoa, in\u00edcio do sintomas no dia 25\/04\/2020, interno em hospital p\u00fablico e veio a \u00f3bito no dia 06\/05\/2020.<\/p>\n\n\n\n<p>Mulher, idosa, 70 anos, sem informa\u00e7\u00e3o de comorbidades, residente em Bayeux; in\u00edcio do sintomas no dia 25\/04\/2020, interna em hospital p\u00fablico e veio a \u00f3bito no dia 02\/05\/2020.<\/p>\n\n\n\n<p>Os dados epidemiol\u00f3gicos e de ocupa\u00e7\u00e3o de leitos podem ser acompanhados em&nbsp;<a href=\"http:\/\/paraiba.pb.gov.br\/coronavirus\" target=\"_blank\" rel=\"noreferrer noopener\">paraiba.pb.gov.br\/coronavirus<\/a><\/p>\n","protected":false},"excerpt":{"rendered":"<p>O Boletim Epidemiol\u00f3gico divulgado pela Secretaria de Estado da Sa\u00fade nesta quarta-feira (6) mostrou que a Para\u00edba chegou a 101 v\u00edtimas de coronav\u00edrus. O documento&hellip; <\/p>\n","protected":false},"author":2,"featured_media":167605,"comment_status":"closed","ping_status":"closed","sticky":false,"template":"","format":"standard","meta":{"sfsi_plus_gutenberg_text_before_share":"","sfsi_plus_gutenberg_show_text_before_share":"","sfsi_plus_gutenberg_icon_type":"","sfsi_plus_gutenberg_icon_alignemt":"","sfsi_plus_gutenburg_max_per_row":"","footnotes":""},"categories":[2],"tags":[],"class_list":["post-167870","post","type-post","status-publish","format-standard","has-post-thumbnail","hentry","category-geral"],"_links":{"self":[{"href":"https:\/\/www.caririemacao.com\/1\/wp-json\/wp\/v2\/posts\/167870","targetHints":{"allow":["GET"]}}],"collection":[{"href":"https:\/\/www.caririemacao.com\/1\/wp-json\/wp\/v2\/posts"}],"about":[{"href":"https:\/\/www.caririemacao.com\/1\/wp-json\/wp\/v2\/types\/post"}],"author":[{"embeddable":true,"href":"https:\/\/www.caririemacao.com\/1\/wp-json\/wp\/v2\/users\/2"}],"replies":[{"embeddable":true,"href":"https:\/\/www.caririemacao.com\/1\/wp-json\/wp\/v2\/comments?post=167870"}],"version-history":[{"count":1,"href":"https:\/\/www.caririemacao.com\/1\/wp-json\/wp\/v2\/posts\/167870\/revisions"}],"predecessor-version":[{"id":167871,"href":"https:\/\/www.caririemacao.com\/1\/wp-json\/wp\/v2\/posts\/167870\/revisions\/167871"}],"wp:featuredmedia":[{"embeddable":true,"href":"https:\/\/www.caririemacao.com\/1\/wp-json\/wp\/v2\/media\/167605"}],"wp:attachment":[{"href":"https:\/\/www.caririemacao.com\/1\/wp-json\/wp\/v2\/media?parent=167870"}],"wp:term":[{"taxonomy":"category","embeddable":true,"href":"https:\/\/www.caririemacao.com\/1\/wp-json\/wp\/v2\/categories?post=167870"},{"taxonomy":"post_tag","embeddable":true,"href":"https:\/\/www.caririemacao.com\/1\/wp-json\/wp\/v2\/tags?post=167870"}],"curies":[{"name":"wp","href":"https:\/\/api.w.org\/{rel}","templated":true}]}}