{"id":167873,"date":"2020-05-07T07:08:11","date_gmt":"2020-05-07T10:08:11","guid":{"rendered":"https:\/\/www.caririemacao.com\/1\/?p=167873"},"modified":"2020-05-07T07:08:11","modified_gmt":"2020-05-07T10:08:11","slug":"descontaminacao-de-mascaras-ja-e-testada-em-hospitais-diz-ministro","status":"publish","type":"post","link":"https:\/\/www.caririemacao.com\/1\/2020\/05\/07\/descontaminacao-de-mascaras-ja-e-testada-em-hospitais-diz-ministro\/","title":{"rendered":"Descontamina\u00e7\u00e3o de m\u00e1scaras j\u00e1 \u00e9 testada em hospitais, diz ministro"},"content":{"rendered":"\n<h2 class=\"wp-block-heading\"><\/h2>\n\n\n\n<h3 class=\"wp-block-heading\"><\/h3>\n\n\n\n<p>O Minist\u00e9rio da Ci\u00eancia, Tecnologia, Inova\u00e7\u00f5es e Comunica\u00e7\u00f5es (MCTIC) divulgou nesta quarta-feira (6) que avalia um modelo de descontamina\u00e7\u00e3o de m\u00e1scaras hospitalares para reutiliza\u00e7\u00e3o por profissionais de sa\u00fade. O titular da pasta, Marcos Pontes, afirmou hoje que uma pesquisa da Universidade de Bras\u00edlia (UnB), em parceria com Rotary Club, avalia o uso de raios ultravioleta para eliminar a contamina\u00e7\u00e3o de m\u00e1scaras do modelo N95, que s\u00e3o as mais utilizadas em ambientes hospitalares que lidam com a infec\u00e7\u00e3o por covid-19.<\/p>\n\n\n\n<p>&#8220;Essa tecnologia j\u00e1 est\u00e1 sendo testada e ser\u00e1 utilizada, inicialmente, em seis hospitais, entre eles o Hospital de Base de Bras\u00edlia e o Hospital Regional da Asa Norte&#8221;, informou o ministro, durante coletiva de imprensa, no Pal\u00e1cio do Planalto, para atualizar as a\u00e7\u00f5es do governo no enfrentamento \u00e0 pandemia do novo coronav\u00edrus. Segundo ele, os materiais s\u00e3o inseridos, em grande quantidade, em um dispositivo apropriado, no interior do qual \u00e9 feita a descontamina\u00e7\u00e3o, que dura cerca de 15 minutos.&nbsp;<\/p>\n\n\n\n<h2 class=\"wp-block-heading\">\u00c1lcool em gel<\/h2>\n\n\n\n<p>O governo tamb\u00e9m busca alternativas para a produ\u00e7\u00e3o industrial do \u00e1lcool em gel, um dos principais insumos para higieniza\u00e7\u00e3o individual e de superf\u00edcies para evitar a contamina\u00e7\u00e3o pelo novo coronav\u00edrus. Para isso, o MCTIC est\u00e1 investindo cerca de R$ 1,5 milh\u00e3o no desenvolvimento de reagentes para a fabrica\u00e7\u00e3o do \u00e1lcool em gel, em parceria com institui\u00e7\u00f5es de pesquisa. Segundo o ministro Marcos Pontes, h\u00e1 dificuldades para trazer para o pa\u00eds o reagente atualmente utilizado na confec\u00e7\u00e3o do \u00e1lcool. &#8220;O objetivo \u00e9 encontrar substitui\u00e7\u00f5es ao Cabopol 940, que est\u00e1 em dificuldade de se obter por causa da importa\u00e7\u00e3o&#8221;, destacou.<\/p>\n","protected":false},"excerpt":{"rendered":"<p>O Minist\u00e9rio da Ci\u00eancia, Tecnologia, Inova\u00e7\u00f5es e Comunica\u00e7\u00f5es (MCTIC) divulgou nesta quarta-feira (6) que avalia um modelo de descontamina\u00e7\u00e3o de m\u00e1scaras hospitalares para reutiliza\u00e7\u00e3o por&hellip; <\/p>\n","protected":false},"author":2,"featured_media":167874,"comment_status":"closed","ping_status":"closed","sticky":false,"template":"","format":"standard","meta":{"sfsi_plus_gutenberg_text_before_share":"","sfsi_plus_gutenberg_show_text_before_share":"","sfsi_plus_gutenberg_icon_type":"","sfsi_plus_gutenberg_icon_alignemt":"","sfsi_plus_gutenburg_max_per_row":"","footnotes":""},"categories":[16],"tags":[],"class_list":["post-167873","post","type-post","status-publish","format-standard","has-post-thumbnail","hentry","category-saude"],"_links":{"self":[{"href":"https:\/\/www.caririemacao.com\/1\/wp-json\/wp\/v2\/posts\/167873","targetHints":{"allow":["GET"]}}],"collection":[{"href":"https:\/\/www.caririemacao.com\/1\/wp-json\/wp\/v2\/posts"}],"about":[{"href":"https:\/\/www.caririemacao.com\/1\/wp-json\/wp\/v2\/types\/post"}],"author":[{"embeddable":true,"href":"https:\/\/www.caririemacao.com\/1\/wp-json\/wp\/v2\/users\/2"}],"replies":[{"embeddable":true,"href":"https:\/\/www.caririemacao.com\/1\/wp-json\/wp\/v2\/comments?post=167873"}],"version-history":[{"count":1,"href":"https:\/\/www.caririemacao.com\/1\/wp-json\/wp\/v2\/posts\/167873\/revisions"}],"predecessor-version":[{"id":167875,"href":"https:\/\/www.caririemacao.com\/1\/wp-json\/wp\/v2\/posts\/167873\/revisions\/167875"}],"wp:featuredmedia":[{"embeddable":true,"href":"https:\/\/www.caririemacao.com\/1\/wp-json\/wp\/v2\/media\/167874"}],"wp:attachment":[{"href":"https:\/\/www.caririemacao.com\/1\/wp-json\/wp\/v2\/media?parent=167873"}],"wp:term":[{"taxonomy":"category","embeddable":true,"href":"https:\/\/www.caririemacao.com\/1\/wp-json\/wp\/v2\/categories?post=167873"},{"taxonomy":"post_tag","embeddable":true,"href":"https:\/\/www.caririemacao.com\/1\/wp-json\/wp\/v2\/tags?post=167873"}],"curies":[{"name":"wp","href":"https:\/\/api.w.org\/{rel}","templated":true}]}}