{"id":167881,"date":"2020-05-07T07:17:40","date_gmt":"2020-05-07T10:17:40","guid":{"rendered":"https:\/\/www.caririemacao.com\/1\/?p=167881"},"modified":"2020-05-07T07:17:40","modified_gmt":"2020-05-07T10:17:40","slug":"coronavirus-brasil-tem-mais-de-600-mortes-num-dia-e-e-o-6o-pais-com-mais-obitos","status":"publish","type":"post","link":"https:\/\/www.caririemacao.com\/1\/2020\/05\/07\/coronavirus-brasil-tem-mais-de-600-mortes-num-dia-e-e-o-6o-pais-com-mais-obitos\/","title":{"rendered":"Coronav\u00edrus: Brasil tem mais de 600 mortes num dia e \u00e9 o 6\u00ba pa\u00eds com mais \u00f3bitos"},"content":{"rendered":"\n<h1 class=\"wp-block-heading\"><\/h1>\n\n\n\n<p>Dados do Minist\u00e9rio da Sa\u00fade desta quarta-feira (6) mostram que o Brasil bateu um novo recorde de mortes por coronav\u00edrus registradas em um dia, com 615 novos\u00a0<a href=\"https:\/\/paraibaonline.com.br\/2020\/05\/numero-de-mortes-por-coronavirus-na-pb-passa-de-100\/\">\u00f3bitos<\/a>.<\/p>\n\n\n\n<p>O pa\u00eds ainda se tornou o sexto com mais \u00f3bitos no mundo, segundo a Universidade Johns Hopkins (EUA), que monitora dados da pandemia. Com um total de 8.536 mortes por coronav\u00edrus, o Brasil ultrapassou a B\u00e9lgica, que tem 8.339 \u00f3bitos.<\/p>\n\n\n\n<p>Tamb\u00e9m houve 10.503 novos casos confirmados \u2013o total \u00e9 de 125.218.<\/p>\n\n\n\n<p>O recorde de mortes registradas em 24 horas era do dia anterior, com 600 novos \u00f3bitos.<\/p>\n\n\n\n<p>Segundo especialistas, os n\u00fameros reais devem ser maiores, j\u00e1 que h\u00e1 baixa oferta de testes no pa\u00eds e subnotifica\u00e7\u00e3o.<\/p>\n\n\n\n<p>Epicentro da crise, S\u00e3o Paulo continua sendo o estado com mais casos e mortes por coronav\u00edrus. Em meio ao aumento nos n\u00fameros, o estado tem visto cair o \u00edndice de isolamento social, o que preocupa autoridades. Na segunda (4), o isolamento foi de 47%.<\/p>\n\n\n\n<p>Depois de S\u00e3o Paulo, o estado com maior n\u00famero de casos \u00e9 o Rio de Janeiro.<\/p>\n\n\n\n<p>J\u00e1 quando analisados os dados de incid\u00eancia da Covid-19, indicador que abrange o total de casos pela popula\u00e7\u00e3o, outros estados passam \u00e0 frente. S\u00e3o eles Amap\u00e1, Amazonas, Roraima, Cear\u00e1, Pernambuco, Acre e Esp\u00edrito Santo.<\/p>\n","protected":false},"excerpt":{"rendered":"<p>Dados do Minist\u00e9rio da Sa\u00fade desta quarta-feira (6) mostram que o Brasil bateu um novo recorde de mortes por coronav\u00edrus registradas em um dia, com&hellip; <\/p>\n","protected":false},"author":2,"featured_media":167882,"comment_status":"closed","ping_status":"closed","sticky":false,"template":"","format":"standard","meta":{"sfsi_plus_gutenberg_text_before_share":"","sfsi_plus_gutenberg_show_text_before_share":"","sfsi_plus_gutenberg_icon_type":"","sfsi_plus_gutenberg_icon_alignemt":"","sfsi_plus_gutenburg_max_per_row":"","footnotes":""},"categories":[2],"tags":[],"class_list":["post-167881","post","type-post","status-publish","format-standard","has-post-thumbnail","hentry","category-geral"],"_links":{"self":[{"href":"https:\/\/www.caririemacao.com\/1\/wp-json\/wp\/v2\/posts\/167881","targetHints":{"allow":["GET"]}}],"collection":[{"href":"https:\/\/www.caririemacao.com\/1\/wp-json\/wp\/v2\/posts"}],"about":[{"href":"https:\/\/www.caririemacao.com\/1\/wp-json\/wp\/v2\/types\/post"}],"author":[{"embeddable":true,"href":"https:\/\/www.caririemacao.com\/1\/wp-json\/wp\/v2\/users\/2"}],"replies":[{"embeddable":true,"href":"https:\/\/www.caririemacao.com\/1\/wp-json\/wp\/v2\/comments?post=167881"}],"version-history":[{"count":1,"href":"https:\/\/www.caririemacao.com\/1\/wp-json\/wp\/v2\/posts\/167881\/revisions"}],"predecessor-version":[{"id":167883,"href":"https:\/\/www.caririemacao.com\/1\/wp-json\/wp\/v2\/posts\/167881\/revisions\/167883"}],"wp:featuredmedia":[{"embeddable":true,"href":"https:\/\/www.caririemacao.com\/1\/wp-json\/wp\/v2\/media\/167882"}],"wp:attachment":[{"href":"https:\/\/www.caririemacao.com\/1\/wp-json\/wp\/v2\/media?parent=167881"}],"wp:term":[{"taxonomy":"category","embeddable":true,"href":"https:\/\/www.caririemacao.com\/1\/wp-json\/wp\/v2\/categories?post=167881"},{"taxonomy":"post_tag","embeddable":true,"href":"https:\/\/www.caririemacao.com\/1\/wp-json\/wp\/v2\/tags?post=167881"}],"curies":[{"name":"wp","href":"https:\/\/api.w.org\/{rel}","templated":true}]}}