{"id":167885,"date":"2020-05-07T07:21:25","date_gmt":"2020-05-07T10:21:25","guid":{"rendered":"https:\/\/www.caririemacao.com\/1\/?p=167885"},"modified":"2020-05-07T07:21:25","modified_gmt":"2020-05-07T10:21:25","slug":"em-julgamento-virtual-tribunal-mantem-condenacao-de-lula-no-caso-do-sitio-a-17-anos-de-prisao","status":"publish","type":"post","link":"https:\/\/www.caririemacao.com\/1\/2020\/05\/07\/em-julgamento-virtual-tribunal-mantem-condenacao-de-lula-no-caso-do-sitio-a-17-anos-de-prisao\/","title":{"rendered":"Em julgamento virtual, Tribunal mantem condena\u00e7\u00e3o de Lula no caso do s\u00edtio a 17 anos de pris\u00e3o"},"content":{"rendered":"\n<h1 class=\"wp-block-heading\"><\/h1>\n\n\n\n<p>Em julgamento virtual, a 8\u00aa&nbsp;Turma do Tribunal Regional Federal da 4\u00aa&nbsp;Regi\u00e3o (TRF-4) manteve condena\u00e7\u00e3o do ex-presidente Lula no caso do s\u00edtio de Atibaia (SP) a 17 anos de pris\u00e3o.<\/p>\n\n\n\n<p>Por unanimidade, os desembargadores negaram os recursos apresentados pela defesa do petista. Na \u00faltima peti\u00e7\u00e3o apresentada ontem \u00e0 noite, os advogados de Lula solicitaram suspens\u00e3o do julgamento virtual com base no depoimento do ex-ministro Sergio Moro do no \u00faltimo s\u00e1bado (2). A defesa alegou que a oitiva de Moro era um novo acontecimento relacionado ao processo de suspei\u00e7\u00e3o do ex-juiz da Lava-Jato, que aguarda julgamento no Supremo Tribunal Federal (STF).<\/p>\n\n\n\n<p>Os integrantes da 8a. Turma tamb\u00e9m negaram o pedido dos advogados para que a sess\u00e3o virtual fosse cancelada. Os advogados solicitaram que o julgamento do caso s\u00f3 acontecesse presencialmente para que a defesa pudesse participar, No julgamento virtual acontece apenas o dep\u00f3sito dos votos dos desembargadores, sem a participa\u00e7\u00e3o dos advogados. No entanto, ainda cabe recurso nesse caso.<\/p>\n\n\n\n<p>\u2013 Vamos esperara publica\u00e7\u00e3o dos votos e decidir o recuso que apresentaremos contra essa condena\u00e7\u00e3o injusta \u2013 disse Cristiano Zanin Martins, advogado de Lula.<\/p>\n","protected":false},"excerpt":{"rendered":"<p>Em julgamento virtual, a 8\u00aa&nbsp;Turma do Tribunal Regional Federal da 4\u00aa&nbsp;Regi\u00e3o (TRF-4) manteve condena\u00e7\u00e3o do ex-presidente Lula no caso do s\u00edtio de Atibaia (SP) a&hellip; <\/p>\n","protected":false},"author":2,"featured_media":167886,"comment_status":"closed","ping_status":"closed","sticky":false,"template":"","format":"standard","meta":{"sfsi_plus_gutenberg_text_before_share":"","sfsi_plus_gutenberg_show_text_before_share":"","sfsi_plus_gutenberg_icon_type":"","sfsi_plus_gutenberg_icon_alignemt":"","sfsi_plus_gutenburg_max_per_row":"","footnotes":""},"categories":[2],"tags":[],"class_list":["post-167885","post","type-post","status-publish","format-standard","has-post-thumbnail","hentry","category-geral"],"_links":{"self":[{"href":"https:\/\/www.caririemacao.com\/1\/wp-json\/wp\/v2\/posts\/167885","targetHints":{"allow":["GET"]}}],"collection":[{"href":"https:\/\/www.caririemacao.com\/1\/wp-json\/wp\/v2\/posts"}],"about":[{"href":"https:\/\/www.caririemacao.com\/1\/wp-json\/wp\/v2\/types\/post"}],"author":[{"embeddable":true,"href":"https:\/\/www.caririemacao.com\/1\/wp-json\/wp\/v2\/users\/2"}],"replies":[{"embeddable":true,"href":"https:\/\/www.caririemacao.com\/1\/wp-json\/wp\/v2\/comments?post=167885"}],"version-history":[{"count":1,"href":"https:\/\/www.caririemacao.com\/1\/wp-json\/wp\/v2\/posts\/167885\/revisions"}],"predecessor-version":[{"id":167887,"href":"https:\/\/www.caririemacao.com\/1\/wp-json\/wp\/v2\/posts\/167885\/revisions\/167887"}],"wp:featuredmedia":[{"embeddable":true,"href":"https:\/\/www.caririemacao.com\/1\/wp-json\/wp\/v2\/media\/167886"}],"wp:attachment":[{"href":"https:\/\/www.caririemacao.com\/1\/wp-json\/wp\/v2\/media?parent=167885"}],"wp:term":[{"taxonomy":"category","embeddable":true,"href":"https:\/\/www.caririemacao.com\/1\/wp-json\/wp\/v2\/categories?post=167885"},{"taxonomy":"post_tag","embeddable":true,"href":"https:\/\/www.caririemacao.com\/1\/wp-json\/wp\/v2\/tags?post=167885"}],"curies":[{"name":"wp","href":"https:\/\/api.w.org\/{rel}","templated":true}]}}