{"id":167901,"date":"2020-05-07T07:40:24","date_gmt":"2020-05-07T10:40:24","guid":{"rendered":"https:\/\/www.caririemacao.com\/1\/?p=167901"},"modified":"2020-05-07T07:40:24","modified_gmt":"2020-05-07T10:40:24","slug":"porta-voz-de-bolsonaro-contraiu-coronavirus-informa-gabinete","status":"publish","type":"post","link":"https:\/\/www.caririemacao.com\/1\/2020\/05\/07\/porta-voz-de-bolsonaro-contraiu-coronavirus-informa-gabinete\/","title":{"rendered":"Porta-voz de Bolsonaro contraiu coronav\u00edrus, informa gabinete"},"content":{"rendered":"\n<h1 class=\"wp-block-heading\"><\/h1>\n\n\n\n<p>O porta-voz do presidente Jair Bolsonaro, Ot\u00e1vio do R\u00eago Barros, 59 anos, contraiu o novo coronav\u00edrus. A informa\u00e7\u00e3o foi confirmada nesta quarta-feira (6) pelo gabinete de R\u00eago Barros.&nbsp;Segundo o gabinete, ele est\u00e1 bem e em isolamento em casa. O porta-voz \u00e9 mais um caso confirmado do novo coronav\u00edrus na equipe de governo.<\/p>\n\n\n\n<p>Em mar\u00e7o, ao menos 23 pessoas que estiveram com Bolsonaro na viagem aos EUA contra\u00edram a doen\u00e7a, entre os quais, os ministros Augusto Heleno (Gabinete de Seguran\u00e7a Institucional) e Bento Albuquerque (Minas e Energia), al\u00e9m do secret\u00e1rio de Comunica\u00e7\u00e3o, F\u00e1bio Wajngarten.<\/p>\n\n\n\n<p>Ap\u00f3s a viagem, e o cont\u00e1gio de auxiliares, Bolsonaro fez dois testes para identificar se foi infectado. O presidente anunciou nas duas oportunidades, via rede social, que os resultados deram negativo, por\u00e9m n\u00e3o apresentou os laudos dos exames, a exemplo do que fez Heleno.<\/p>\n\n\n\n<p>A decis\u00e3o de Bolsonaro de n\u00e3o mostrar os laudos levou o jornal \u201cO Estado de S\u00e3o Paulo\u201d a entrar com uma a\u00e7\u00e3o na Justi\u00e7a. Ap\u00f3s a Justi\u00e7a Federal determinar a apresenta\u00e7\u00e3o dos exames, o Tribunal Regional Federal da 3\u00aa Regi\u00e3o (TRF-3) suspendeu a ordem no s\u00e1bado (2).<\/p>\n\n\n\n<p>A desembargadora Monica Nobre atendeu a um recurso da AGU e fixou um prazo de cinco dias para que o caso seja analisado e ocorra uma defini\u00e7\u00e3o sobre a entrega ou n\u00e3o dos exames<\/p>\n\n\n\n<p>Na semana passada, em entrevista a uma r\u00e1dio do Rio Grande do Sul, Bolsonaro voltou a afirmar que pode ter contra\u00eddo o coronav\u00edrus, repetindo informa\u00e7\u00e3o dada em mar\u00e7o.<\/p>\n\n\n\n<p>&#8220;Eu talvez j\u00e1 tenha pegado esse v\u00edrus no passado, talvez, talvez, e nem senti&#8221;, afirmou Bolsonaro \u00e0 r\u00e1dio. Em 20 de mar\u00e7o, ele afirmou: &#8220;Aqui em casa, toda a fam\u00edlia deu negativo. Talvez, eu tenha sido infectado l\u00e1 atr\u00e1s e nem fiquei sabendo. Talvez. E estou com anticorpo&#8221;.<\/p>\n\n\n\n<p>Leia a \u00edntegra da nota divulgada pela Presid\u00eancia:<\/p>\n\n\n\n<p>NOTA \u00c0 IMPRENSA<\/p>\n\n\n\n<p><em>O Porta-Voz do Presidente da Rep\u00fablica, general Ot\u00e1vio Santana do R\u00eago Barros, testou positivo para a Covid-19. Realizou o teste na segunda-feira (4 de maio), tendo o resultado sido confirmado no dia de ontem.<\/em><\/p>\n\n\n\n<p><em>O general R\u00eago Barros encontra-se em sua resid\u00eancia, cumprindo todos os protocolos recomendados e, at\u00e9 o momento, sem sintomas que mere\u00e7am maiores preocupa\u00e7\u00f5es.<\/em><\/p>\n","protected":false},"excerpt":{"rendered":"<p>O porta-voz do presidente Jair Bolsonaro, Ot\u00e1vio do R\u00eago Barros, 59 anos, contraiu o novo coronav\u00edrus. A informa\u00e7\u00e3o foi confirmada nesta quarta-feira (6) pelo gabinete&hellip; <\/p>\n","protected":false},"author":2,"featured_media":167902,"comment_status":"closed","ping_status":"closed","sticky":false,"template":"","format":"standard","meta":{"sfsi_plus_gutenberg_text_before_share":"","sfsi_plus_gutenberg_show_text_before_share":"","sfsi_plus_gutenberg_icon_type":"","sfsi_plus_gutenberg_icon_alignemt":"","sfsi_plus_gutenburg_max_per_row":"","footnotes":""},"categories":[2],"tags":[],"class_list":["post-167901","post","type-post","status-publish","format-standard","has-post-thumbnail","hentry","category-geral"],"_links":{"self":[{"href":"https:\/\/www.caririemacao.com\/1\/wp-json\/wp\/v2\/posts\/167901","targetHints":{"allow":["GET"]}}],"collection":[{"href":"https:\/\/www.caririemacao.com\/1\/wp-json\/wp\/v2\/posts"}],"about":[{"href":"https:\/\/www.caririemacao.com\/1\/wp-json\/wp\/v2\/types\/post"}],"author":[{"embeddable":true,"href":"https:\/\/www.caririemacao.com\/1\/wp-json\/wp\/v2\/users\/2"}],"replies":[{"embeddable":true,"href":"https:\/\/www.caririemacao.com\/1\/wp-json\/wp\/v2\/comments?post=167901"}],"version-history":[{"count":1,"href":"https:\/\/www.caririemacao.com\/1\/wp-json\/wp\/v2\/posts\/167901\/revisions"}],"predecessor-version":[{"id":167903,"href":"https:\/\/www.caririemacao.com\/1\/wp-json\/wp\/v2\/posts\/167901\/revisions\/167903"}],"wp:featuredmedia":[{"embeddable":true,"href":"https:\/\/www.caririemacao.com\/1\/wp-json\/wp\/v2\/media\/167902"}],"wp:attachment":[{"href":"https:\/\/www.caririemacao.com\/1\/wp-json\/wp\/v2\/media?parent=167901"}],"wp:term":[{"taxonomy":"category","embeddable":true,"href":"https:\/\/www.caririemacao.com\/1\/wp-json\/wp\/v2\/categories?post=167901"},{"taxonomy":"post_tag","embeddable":true,"href":"https:\/\/www.caririemacao.com\/1\/wp-json\/wp\/v2\/tags?post=167901"}],"curies":[{"name":"wp","href":"https:\/\/api.w.org\/{rel}","templated":true}]}}