{"id":167905,"date":"2020-05-07T07:46:20","date_gmt":"2020-05-07T10:46:20","guid":{"rendered":"https:\/\/www.caririemacao.com\/1\/?p=167905"},"modified":"2020-05-07T07:46:20","modified_gmt":"2020-05-07T10:46:20","slug":"assembleia-legislativa-aprova-desconto-em-mensalidade-de-escolas-e-universidades-da-paraiba-durante-calamidade","status":"publish","type":"post","link":"https:\/\/www.caririemacao.com\/1\/2020\/05\/07\/assembleia-legislativa-aprova-desconto-em-mensalidade-de-escolas-e-universidades-da-paraiba-durante-calamidade\/","title":{"rendered":"Assembleia Legislativa aprova desconto em mensalidade de escolas e universidades da Para\u00edba durante calamidade"},"content":{"rendered":"\n<h1 class=\"wp-block-heading\"><\/h1>\n\n\n\n<p> A Assembleia Legislativa da Para\u00edba aprovou por maioria, na manh\u00e3 desta quarta-feira (6), o Projeto de Lei 1.696\/2020, que trata da redu\u00e7\u00e3o das mensalidades de escolas e universidades privadas, enquanto as aulas presenciais estiverem suspensas devido a pandemia de covid-19.<\/p>\n\n\n\n<p>O projeto, de autoria dos deputados Adriano Galdino, Estela Bezerra, Lindolfo Pires e Ricardo Barbosa, foi aprovado por maioria dos Deputados presentes com os votos contr\u00e1rios dos Deputados Walber Virgolino, Cabo Gilberto, Cida Ramos, Camila Toscano, Dr. \u00c9rico, Edmilson&nbsp; Soares, Eduardo Carneiro, Felipe Leit\u00e3o e Raniery Paulino.<\/p>\n\n\n\n<p>O texto prev\u00ea descontos que podem variar de 10% a 30% dependendo da quantidade de alunos do estabelecimento de ensino, caso n\u00e3o haja oferta de aulas remotas. Para os estabelecimentos que oferecem aulas remotas, o desconto fica entre 5% e 25%, novamente dependendo da quantidade de alunos.<\/p>\n\n\n\n<p>Al\u00e9m disso, tamb\u00e9m foi aprovada Emenda Aditiva do Deputado Ricardo Barbosa, que pro\u00edbe a cobran\u00e7a de juros em mensalidades atrasadas enquanto durar o decreto de calamidade p\u00fablica estadual em virtude da pandemia.<\/p>\n\n\n\n<p>O projeto agora segue para a san\u00e7\u00e3o do governador Jo\u00e3o Azev\u00eado.<\/p>\n\n\n\n<p>ClickPB<\/p>\n","protected":false},"excerpt":{"rendered":"<p>A Assembleia Legislativa da Para\u00edba aprovou por maioria, na manh\u00e3 desta quarta-feira (6), o Projeto de Lei 1.696\/2020, que trata da redu\u00e7\u00e3o das mensalidades de&hellip; <\/p>\n","protected":false},"author":2,"featured_media":167906,"comment_status":"closed","ping_status":"closed","sticky":false,"template":"","format":"standard","meta":{"sfsi_plus_gutenberg_text_before_share":"","sfsi_plus_gutenberg_show_text_before_share":"","sfsi_plus_gutenberg_icon_type":"","sfsi_plus_gutenberg_icon_alignemt":"","sfsi_plus_gutenburg_max_per_row":"","footnotes":""},"categories":[2],"tags":[],"class_list":["post-167905","post","type-post","status-publish","format-standard","has-post-thumbnail","hentry","category-geral"],"_links":{"self":[{"href":"https:\/\/www.caririemacao.com\/1\/wp-json\/wp\/v2\/posts\/167905","targetHints":{"allow":["GET"]}}],"collection":[{"href":"https:\/\/www.caririemacao.com\/1\/wp-json\/wp\/v2\/posts"}],"about":[{"href":"https:\/\/www.caririemacao.com\/1\/wp-json\/wp\/v2\/types\/post"}],"author":[{"embeddable":true,"href":"https:\/\/www.caririemacao.com\/1\/wp-json\/wp\/v2\/users\/2"}],"replies":[{"embeddable":true,"href":"https:\/\/www.caririemacao.com\/1\/wp-json\/wp\/v2\/comments?post=167905"}],"version-history":[{"count":1,"href":"https:\/\/www.caririemacao.com\/1\/wp-json\/wp\/v2\/posts\/167905\/revisions"}],"predecessor-version":[{"id":167907,"href":"https:\/\/www.caririemacao.com\/1\/wp-json\/wp\/v2\/posts\/167905\/revisions\/167907"}],"wp:featuredmedia":[{"embeddable":true,"href":"https:\/\/www.caririemacao.com\/1\/wp-json\/wp\/v2\/media\/167906"}],"wp:attachment":[{"href":"https:\/\/www.caririemacao.com\/1\/wp-json\/wp\/v2\/media?parent=167905"}],"wp:term":[{"taxonomy":"category","embeddable":true,"href":"https:\/\/www.caririemacao.com\/1\/wp-json\/wp\/v2\/categories?post=167905"},{"taxonomy":"post_tag","embeddable":true,"href":"https:\/\/www.caririemacao.com\/1\/wp-json\/wp\/v2\/tags?post=167905"}],"curies":[{"name":"wp","href":"https:\/\/api.w.org\/{rel}","templated":true}]}}