{"id":167914,"date":"2020-05-07T07:58:25","date_gmt":"2020-05-07T10:58:25","guid":{"rendered":"https:\/\/www.caririemacao.com\/1\/?p=167914"},"modified":"2020-05-07T07:58:25","modified_gmt":"2020-05-07T10:58:25","slug":"governo-da-paraiba-disponibiliza-aplicativo-que-monitora-pacientes-com-sintomas-de-coronavirus","status":"publish","type":"post","link":"https:\/\/www.caririemacao.com\/1\/2020\/05\/07\/governo-da-paraiba-disponibiliza-aplicativo-que-monitora-pacientes-com-sintomas-de-coronavirus\/","title":{"rendered":"Governo da Para\u00edba disponibiliza aplicativo que monitora pacientes com sintomas de Coronav\u00edrus"},"content":{"rendered":"\n<h1 class=\"wp-block-heading\"><\/h1>\n\n\n\n<p>O Governo da Para\u00edba disponibilizou um aplicativo&nbsp;para monitorar pacientes com sintomas do novo coronav\u00edrus (Covid-19). O aplicativo Monitora Covid-19 j\u00e1 est\u00e1 dispon\u00edvel para os usu\u00e1rios paraibanos e a ferramenta ser\u00e1 mais um aux\u00edlio para a Secretaria de Estado da Sa\u00fade (SES) no combate \u00e0 pandemia.<\/p>\n\n\n\n<p>De acordo com a gerente operacional de Aten\u00e7\u00e3o B\u00e1sica, Rayanna Coelho, a ferramenta funciona como triagem de classifica\u00e7\u00e3o de risco e disponibiliza atendimento m\u00e9dico por liga\u00e7\u00f5es telef\u00f4nicas e por chat. Ela explica que, primeiramente, o usu\u00e1rio precisa baixar o aplicativo, preencher o cadastro e responder \u00e0s perguntas. A partir da\u00ed, o algoritmo do Monitora Covid-19 faz a classifica\u00e7\u00e3o do paciente conforme informa\u00e7\u00f5es dadas.&nbsp;<\/p>\n\n\n\n<p>\u201cDependendo dessa classifica\u00e7\u00e3o, a primeira retaguarda da SES, formada por m\u00e9dicos residentes, ter\u00e1 at\u00e9 48h para retornar a liga\u00e7\u00e3o para o usu\u00e1rio para confirmar ou mudar a sua classifica\u00e7\u00e3o de risco feita pelo aplicativo e vai encaminhar este paciente para algum servi\u00e7o ou orientar a permanecer em casa\u201d, pontua.<\/p>\n\n\n\n<p>Depois desse primeiro contato, a gerente afirma que uma segunda retaguarda entrar\u00e1 em contato novamente com o paciente, depois de um certo per\u00edodo, para continuar o monitoramento, acompanhar a classifica\u00e7\u00e3o e, se poss\u00edvel, fazer a reclassifica\u00e7\u00e3o. A partir desse momento, a SES vai utilizar o Fast News Covid, ferramenta da secretaria que agiliza o atendimento de pessoas que est\u00e3o com sintomas de s\u00edndrome gripal.&nbsp;<\/p>\n\n\n\n<p>\u201cOs pacientes ser\u00e3o novamente reclassificados, agora baseado no Fast News Covid. O diferencial \u00e9 que nessa segunda classifica\u00e7\u00e3o, o paciente vai ser acompanhado at\u00e9 ele ser classificado como verde, ou seja, curado. Dentro do Monitora, teremos duas retaguardas e duas formas de classifica\u00e7\u00e3o. Toda classifica\u00e7\u00e3o pode ser alterada, dependendo dos sintomas que os usu\u00e1rios apresentarem e dependendo dos fatores de risco\u201d, destaca.&nbsp;<\/p>\n\n\n\n<p>Segundo Rayanna Coelho, um dos benef\u00edcios do Monitora Covid-19 \u00e9 que a popula\u00e7\u00e3o vai ter outro meio de contato com os profissionais m\u00e9dicos. Al\u00e9m disso, o aplicativo possibilitar\u00e1 a SES de gerar um mapa de calor pra saber onde essa popula\u00e7\u00e3o acometida est\u00e1 de acordo com a classifica\u00e7\u00e3o, ou seja, em quais locais tem mais pacientes com risco grave ou mais leves. Por fim, a secretaria conseguir\u00e1 dar o feedback aos munic\u00edpios de quantos foram classificados em seus territ\u00f3rios, quantos foram localizados, quais s\u00e3o as classifica\u00e7\u00f5es deles.<\/p>\n\n\n\n<p>A gerente lembra que para ter acesso a esses atendimentos \u00e9 necess\u00e1rio responder a todas as perguntas da triagem no aplicativo.&nbsp;<\/p>\n\n\n\n<p>Para ter acessos aos atendimentos, \u00e9 necess\u00e1rio baixar o aplicativo no aparelho de celular, fazer o cadastro e responder a algumas perguntas. Essas perguntas s\u00e3o uma esp\u00e9cie de triagem para que o aplicativo possa fazer a classifica\u00e7\u00e3o de risco do paciente e o seu devido encaminhamento. \u201cJ\u00e1 temos 750 pessoas que baixaram o aplicativo. Dessas pessoas, uma quantidade grande n\u00e3o respondeu ao question\u00e1rio de triagem. Elas s\u00e3o classificadas automaticamente como cinza e a gente n\u00e3o consegue fazer nada com essas pessoas. Se s\u00f3 baixar o aplicativo e fizer o cadastro, n\u00e3o temos acesso a essas pessoas\u201d, observa.&nbsp;<\/p>\n\n\n\n<p>O Monitora Covid-19 foi desenvolvido pelo Cons\u00f3rcio Nordeste e j\u00e1 est\u00e1 dispon\u00edvel para download. A equipe de retaguarda da SES come\u00e7ar\u00e1 o contato com os usu\u00e1rios, quando necess\u00e1rio, nesta sexta-feira (8).<\/p>\n","protected":false},"excerpt":{"rendered":"<p>O Governo da Para\u00edba disponibilizou um aplicativo&nbsp;para monitorar pacientes com sintomas do novo coronav\u00edrus (Covid-19). O aplicativo Monitora Covid-19 j\u00e1 est\u00e1 dispon\u00edvel para os usu\u00e1rios&hellip; <\/p>\n","protected":false},"author":2,"featured_media":167915,"comment_status":"closed","ping_status":"closed","sticky":false,"template":"","format":"standard","meta":{"sfsi_plus_gutenberg_text_before_share":"","sfsi_plus_gutenberg_show_text_before_share":"","sfsi_plus_gutenberg_icon_type":"","sfsi_plus_gutenberg_icon_alignemt":"","sfsi_plus_gutenburg_max_per_row":"","footnotes":""},"categories":[50,2],"tags":[],"class_list":["post-167914","post","type-post","status-publish","format-standard","has-post-thumbnail","hentry","category-destaque","category-geral"],"_links":{"self":[{"href":"https:\/\/www.caririemacao.com\/1\/wp-json\/wp\/v2\/posts\/167914","targetHints":{"allow":["GET"]}}],"collection":[{"href":"https:\/\/www.caririemacao.com\/1\/wp-json\/wp\/v2\/posts"}],"about":[{"href":"https:\/\/www.caririemacao.com\/1\/wp-json\/wp\/v2\/types\/post"}],"author":[{"embeddable":true,"href":"https:\/\/www.caririemacao.com\/1\/wp-json\/wp\/v2\/users\/2"}],"replies":[{"embeddable":true,"href":"https:\/\/www.caririemacao.com\/1\/wp-json\/wp\/v2\/comments?post=167914"}],"version-history":[{"count":1,"href":"https:\/\/www.caririemacao.com\/1\/wp-json\/wp\/v2\/posts\/167914\/revisions"}],"predecessor-version":[{"id":167916,"href":"https:\/\/www.caririemacao.com\/1\/wp-json\/wp\/v2\/posts\/167914\/revisions\/167916"}],"wp:featuredmedia":[{"embeddable":true,"href":"https:\/\/www.caririemacao.com\/1\/wp-json\/wp\/v2\/media\/167915"}],"wp:attachment":[{"href":"https:\/\/www.caririemacao.com\/1\/wp-json\/wp\/v2\/media?parent=167914"}],"wp:term":[{"taxonomy":"category","embeddable":true,"href":"https:\/\/www.caririemacao.com\/1\/wp-json\/wp\/v2\/categories?post=167914"},{"taxonomy":"post_tag","embeddable":true,"href":"https:\/\/www.caririemacao.com\/1\/wp-json\/wp\/v2\/tags?post=167914"}],"curies":[{"name":"wp","href":"https:\/\/api.w.org\/{rel}","templated":true}]}}