{"id":167931,"date":"2020-05-07T08:36:59","date_gmt":"2020-05-07T11:36:59","guid":{"rendered":"https:\/\/www.caririemacao.com\/1\/?p=167931"},"modified":"2020-05-07T08:36:59","modified_gmt":"2020-05-07T11:36:59","slug":"copom-reduz-selic-para-3-ao-ano-para-conter-impacto-de-pandemia","status":"publish","type":"post","link":"https:\/\/www.caririemacao.com\/1\/2020\/05\/07\/copom-reduz-selic-para-3-ao-ano-para-conter-impacto-de-pandemia\/","title":{"rendered":"Copom reduz Selic para 3% ao ano para conter impacto de pandemia"},"content":{"rendered":"\n<h2 class=\"wp-block-heading\"><\/h2>\n\n\n\n<p>Em meio \u00e0 crise econ\u00f4mica decorrente da pandemia do novo coronav\u00edrus, o Banco Central (BC) diminuiu os juros b\u00e1sicos da economia pela s\u00e9tima vez seguida. Por unanimidade, o Comit\u00ea de Pol\u00edtica Monet\u00e1ria (Copom) reduziu a taxa Selic para 3% ao ano, com corte de 0,75 ponto percentual.<\/p>\n\n\n\n<p>A decis\u00e3o surpreendeu os analistas financeiros. Segundo a&nbsp;<a href=\"https:\/\/agenciabrasil.ebc.com.br\/economia\/noticia\/2020-03\/copom-reduz-selic-para-375-ao-ano-para-conter-impacto\" target=\"_blank\" rel=\"noreferrer noopener\">pesquisa&nbsp;<em>Focus<\/em>&nbsp;do BC<\/a>, a maior parte dos agentes econ\u00f4micos esperava a redu\u00e7\u00e3o dos juros b\u00e1sicos para 3,25% ao ano nesta reuni\u00e3o e um corte adicional, para 2,75%, em junho.<\/p>\n\n\n\n<p>Em comunicado, o BC informou que o comit\u00ea considera promover um novo corte, de at\u00e9 0,75 ponto percentual, na pr\u00f3xima reuni\u00e3o, em junho. A partir da\u00ed, os juros b\u00e1sicos n\u00e3o seriam mais alterados, mas a autoridade monet\u00e1ria admitiu que os riscos est\u00e3o elevados e que espera mais informa\u00e7\u00f5es para definir os pr\u00f3ximos passos.<\/p>\n\n\n\n<p>Segundo a nota, dois diretores do BC sugeriram cortes mais agressivos, mas a incerteza em rela\u00e7\u00e3o aos impactos da pandemia de covid-19 sobre a economia fez a maioria dos membros do Copom optar por uma redu\u00e7\u00e3o dos juros em etapas, at\u00e9 que o quadro econ\u00f4mico se estabilize.<\/p>\n\n\n\n<p>Com a decis\u00e3o de hoje (6), a Selic est\u00e1 no menor n\u00edvel desde o in\u00edcio da s\u00e9rie hist\u00f3rica do Banco Central, em 1986. De outubro de 2012 a abril de 2013, a taxa foi mantida em 7,25% ao ano e passou a ser reajustada gradualmente at\u00e9 alcan\u00e7ar 14,25% ao ano em julho de 2015. Em outubro de 2016, o Copom voltou a reduzir os juros b\u00e1sicos da economia at\u00e9 que a taxa chegasse a 6,5% ao ano em mar\u00e7o de 2018, s\u00f3 voltando a ser reduzida em julho de 2019.<\/p>\n\n\n\n<h2 class=\"wp-block-heading\">Infla\u00e7\u00e3o<\/h2>\n\n\n\n<p>A Selic \u00e9 o principal instrumento do Banco Central para manter sob controle a infla\u00e7\u00e3o oficial, medida pelo \u00cdndice Nacional de Pre\u00e7os ao Consumidor Amplo (IPCA). Nos 12 meses terminados em mar\u00e7o, o&nbsp;<a href=\"https:\/\/agenciabrasil.ebc.com.br\/economia\/noticia\/2020-04\/inflacao-oficial-fica-em-007-em-marco-diz-ibge\" target=\"_blank\" rel=\"noreferrer noopener\">indicador fechou em 3,3%<\/a>, o menor resultado acumulado em 12 meses desde outubro do ano passado.<\/p>\n\n\n\n<p>A infla\u00e7\u00e3o, que tinha subido no fim do ano passado por causa da alta da carne e do d\u00f3lar, agora deve cair mais que o previsto por causa das interrup\u00e7\u00f5es da produ\u00e7\u00e3o e do consumo provocadas pela covid-19.<\/p>\n\n\n\n<p>Para 2020, o Conselho Monet\u00e1rio Nacional (CMN) estabeleceu meta de infla\u00e7\u00e3o de 4%, com margem de toler\u00e2ncia de 1,5 ponto percentual. O IPCA, portanto, n\u00e3o poder\u00e1 superar 5,5% neste ano nem ficar abaixo de 2,5%. A meta para 2021 foi fixada em 3,75%, tamb\u00e9m com intervalo de toler\u00e2ncia de 1,5 ponto percentual.<\/p>\n\n\n\n<p>No&nbsp;<em>Relat\u00f3rio de Infla\u00e7\u00e3o<\/em>&nbsp;divulgado no fim de mar\u00e7o pelo Banco Central, a autoridade monet\u00e1ria estimava que o&nbsp;<a href=\"https:\/\/agenciabrasil.ebc.com.br\/economia\/noticia\/2020-03\/inflacao-pode-ficar-em-26-este-ano-diz-banco-central\" target=\"_blank\" rel=\"noreferrer noopener\">IPCA fecharia o ano em 2,6%<\/a>. A proje\u00e7\u00e3o, no entanto, ficou defasada diante da pandemia de covid-19. De acordo com o boletim&nbsp;<em>Focus<\/em>, pesquisa semanal com institui\u00e7\u00f5es financeiras divulgada pelo BC, a infla\u00e7\u00e3o oficial dever\u00e1&nbsp;<a href=\"https:\/\/agenciabrasil.ebc.com.br\/economia\/noticia\/2020-05\/mercado-espera-que-copom-reduza-selic-para-325-esta-semana\" target=\"_blank\" rel=\"noreferrer noopener\">fechar o ano em 1,97%<\/a>, mas as estimativas dever\u00e3o continuar a cair nos pr\u00f3ximos levantamentos.<\/p>\n\n\n\n<h2 class=\"wp-block-heading\">Cr\u00e9dito mais barato<\/h2>\n\n\n\n<p>A redu\u00e7\u00e3o da taxa Selic estimula a economia porque juros menores barateiam o cr\u00e9dito e incentivam a produ\u00e7\u00e3o e o consumo em um cen\u00e1rio de baixa atividade econ\u00f4mica. No \u00faltimo&nbsp;<em>Relat\u00f3rio de Infla\u00e7\u00e3o<\/em>, o BC projetava&nbsp;<a href=\"http:\/\/agenciabrasil.ebc.com.br\/economia\/noticia\/2019-12\/bc-eleva-estimativa-para-crescimento-do-pib-em-2019-e-2020\" target=\"_blank\" rel=\"noreferrer noopener\">crescimento zero para a economia<\/a>&nbsp;neste ano. No entanto, a previs\u00e3o tinha sido feita antes do agravamento da crise provocada pelo coronav\u00edrus.<\/p>\n\n\n\n<p>O mercado j\u00e1 projeta crescimento mais baixo. Segundo a \u00faltima edi\u00e7\u00e3o do boletim&nbsp;<em>Focus<\/em>, os analistas econ\u00f4micos preveem&nbsp;<a href=\"https:\/\/agenciabrasil.ebc.com.br\/economia\/noticia\/2020-05\/mercado-financeiro-preve-queda-de-376-da-economia-este-ano\" target=\"_blank\" rel=\"noreferrer noopener\">contra\u00e7\u00e3o de 3,76%<\/a>&nbsp;do Produto Interno Bruto (PIB, soma dos bens e servi\u00e7os produzidos pelo pa\u00eds) em 2020.<\/p>\n\n\n\n<p>A taxa b\u00e1sica de juros \u00e9 usada nas negocia\u00e7\u00f5es de t\u00edtulos p\u00fablicos no Sistema Especial de Liquida\u00e7\u00e3o e Cust\u00f3dia (Selic) e serve de refer\u00eancia para as demais taxas de juros da economia. Ao reajust\u00e1-la para cima, o Banco Central segura o excesso de demanda que pressiona os pre\u00e7os, porque juros mais altos encarecem o cr\u00e9dito e estimulam a poupan\u00e7a. Ao reduzir os juros b\u00e1sicos, o Copom barateia o cr\u00e9dito e incentiva a produ\u00e7\u00e3o e o consumo, mas enfraquece o controle da infla\u00e7\u00e3o. Para cortar a Selic, a autoridade monet\u00e1ria precisa estar segura de que os pre\u00e7os est\u00e3o sob controle e n\u00e3o correm risco de subir.<\/p>\n\n\n\n<figure class=\"wp-block-image\"><img decoding=\"async\" data-src=\"http:\/\/imagens.ebc.com.br\/yDo-WBMeO-CnvROabYHreCXYqfY=\/754x0\/smart\/http:\/\/agenciabrasil.ebc.com.br\/sites\/default\/files\/atoms\/image\/infografia_selic.png?itok=1WyCT-R3\" alt=\"infografia_selic\" title=\"ArteDJOR\" src=\"data:image\/svg+xml;base64,PHN2ZyB3aWR0aD0iMSIgaGVpZ2h0PSIxIiB4bWxucz0iaHR0cDovL3d3dy53My5vcmcvMjAwMC9zdmciPjwvc3ZnPg==\" class=\"lazyload\" \/><\/figure>\n","protected":false},"excerpt":{"rendered":"<p>Em meio \u00e0 crise econ\u00f4mica decorrente da pandemia do novo coronav\u00edrus, o Banco Central (BC) diminuiu os juros b\u00e1sicos da economia pela s\u00e9tima vez seguida.&hellip; <\/p>\n","protected":false},"author":2,"featured_media":167932,"comment_status":"closed","ping_status":"closed","sticky":false,"template":"","format":"standard","meta":{"sfsi_plus_gutenberg_text_before_share":"","sfsi_plus_gutenberg_show_text_before_share":"","sfsi_plus_gutenberg_icon_type":"","sfsi_plus_gutenberg_icon_alignemt":"","sfsi_plus_gutenburg_max_per_row":"","footnotes":""},"categories":[2],"tags":[],"class_list":["post-167931","post","type-post","status-publish","format-standard","has-post-thumbnail","hentry","category-geral"],"_links":{"self":[{"href":"https:\/\/www.caririemacao.com\/1\/wp-json\/wp\/v2\/posts\/167931","targetHints":{"allow":["GET"]}}],"collection":[{"href":"https:\/\/www.caririemacao.com\/1\/wp-json\/wp\/v2\/posts"}],"about":[{"href":"https:\/\/www.caririemacao.com\/1\/wp-json\/wp\/v2\/types\/post"}],"author":[{"embeddable":true,"href":"https:\/\/www.caririemacao.com\/1\/wp-json\/wp\/v2\/users\/2"}],"replies":[{"embeddable":true,"href":"https:\/\/www.caririemacao.com\/1\/wp-json\/wp\/v2\/comments?post=167931"}],"version-history":[{"count":1,"href":"https:\/\/www.caririemacao.com\/1\/wp-json\/wp\/v2\/posts\/167931\/revisions"}],"predecessor-version":[{"id":167933,"href":"https:\/\/www.caririemacao.com\/1\/wp-json\/wp\/v2\/posts\/167931\/revisions\/167933"}],"wp:featuredmedia":[{"embeddable":true,"href":"https:\/\/www.caririemacao.com\/1\/wp-json\/wp\/v2\/media\/167932"}],"wp:attachment":[{"href":"https:\/\/www.caririemacao.com\/1\/wp-json\/wp\/v2\/media?parent=167931"}],"wp:term":[{"taxonomy":"category","embeddable":true,"href":"https:\/\/www.caririemacao.com\/1\/wp-json\/wp\/v2\/categories?post=167931"},{"taxonomy":"post_tag","embeddable":true,"href":"https:\/\/www.caririemacao.com\/1\/wp-json\/wp\/v2\/tags?post=167931"}],"curies":[{"name":"wp","href":"https:\/\/api.w.org\/{rel}","templated":true}]}}