{"id":167946,"date":"2020-05-07T09:07:05","date_gmt":"2020-05-07T12:07:05","guid":{"rendered":"https:\/\/www.caririemacao.com\/1\/?p=167946"},"modified":"2020-05-07T09:55:20","modified_gmt":"2020-05-07T12:55:20","slug":"prefeito-de-queimadas-viola-decreto-do-governador-joao-azevedo-e-estimula-abertura-do-comercio","status":"publish","type":"post","link":"https:\/\/www.caririemacao.com\/1\/2020\/05\/07\/prefeito-de-queimadas-viola-decreto-do-governador-joao-azevedo-e-estimula-abertura-do-comercio\/","title":{"rendered":"Prefeito de Queimadas viola decreto do governador Jo\u00e3o Azev\u00eado e estimula abertura do com\u00e9rcio"},"content":{"rendered":"\n<p>O prefeito de Queimadas, Carlinhos de Ti\u00e3o, lan\u00e7ou uma nota nesta \u00faltima quarta-feira (6) onde explica que o com\u00e9rcio da cidade deve continuar aberto mesmo com o decreto estadual que recomenda o fechamento do com\u00e9rcio nos munic\u00edpios com casos confirmados de Covid-19, doen\u00e7a causada pelo novo coronav\u00edrus.<\/p>\n\n\n\n<p>O procurador-geral da Para\u00edba, F\u00e1bio Andrade Medeiros, disse que ao&nbsp;<strong>G1<\/strong>&nbsp;que a determina\u00e7\u00e3o municipal viola o decreto estadual que suspende as atividades comerciais em munic\u00edpios com casos conformados de Covid-19. De acordo com o procurador, o Minist\u00e9rio P\u00fablico estadual dever\u00e1 entrar com a\u00e7\u00e3o civil p\u00fablica para fazer valer o decreto do estado, assim como j\u00e1 fez em rela\u00e7\u00e3o a outros munic\u00edpios.<\/p>\n\n\n\n<p>A prefeitura fez uma publica\u00e7\u00e3o em uma rede social fazendo uma campanha para estimular o uso de m\u00e1scaras e a manuten\u00e7\u00e3o das lojas em funcionamento. A publica\u00e7\u00e3o foi apagada algumas horas depois da postagem.<\/p>\n\n\n\n<p>O munic\u00edpio de Queimadas possui dois casos confirmados da Covid-19 at\u00e9 esta quarta. Entre as atividades que est\u00e3o proibidas na cidade, est\u00e3o os cultos religiosos, jogos de futebol, casas de shows, bares, mas o com\u00e9rcio continua de portas abertas. Os estabelecimentos considerados essenciais de acordo com o decreto estadual, como \u00f3ticas, consult\u00f3rios m\u00e9dicos e lojas de material para constru\u00e7\u00e3o civil continuam de portas abertas durante todo o dia. J\u00e1 lojas de roupa, cal\u00e7ados e outros utens\u00edlios, consideradas n\u00e3o essenciais, funcionam de 8h \u00e0s 14h.<\/p>\n\n\n\n<p>Na nota divulgada, a prefeitura afirma que \u201cos dois casos confirmados de Covid-19 foram importados de outros lugares, e a vigil\u00e2ncia epidemiol\u00f3gica municipal faz ostensivo trabalho de monitoramento para verificar a ocorr\u00eancia de eventual transmiss\u00e3o comunit\u00e1ria. Um dos pacientes j\u00e1 est\u00e1 recuperado, e o outro \u00e9 acompanhado v\u00e1rias vezes por dia, enquanto se recupera em casa\u201d.<\/p>\n\n\n\n<p>Com Politica Parahyba<\/p>\n","protected":false},"excerpt":{"rendered":"<p>O prefeito de Queimadas, Carlinhos de Ti\u00e3o, lan\u00e7ou uma nota nesta \u00faltima quarta-feira (6) onde explica que o com\u00e9rcio da cidade deve continuar aberto mesmo&hellip; <\/p>\n","protected":false},"author":1,"featured_media":167947,"comment_status":"closed","ping_status":"closed","sticky":false,"template":"","format":"standard","meta":{"sfsi_plus_gutenberg_text_before_share":"","sfsi_plus_gutenberg_show_text_before_share":"","sfsi_plus_gutenberg_icon_type":"","sfsi_plus_gutenberg_icon_alignemt":"","sfsi_plus_gutenburg_max_per_row":"","footnotes":""},"categories":[2],"tags":[],"class_list":["post-167946","post","type-post","status-publish","format-standard","has-post-thumbnail","hentry","category-geral"],"_links":{"self":[{"href":"https:\/\/www.caririemacao.com\/1\/wp-json\/wp\/v2\/posts\/167946","targetHints":{"allow":["GET"]}}],"collection":[{"href":"https:\/\/www.caririemacao.com\/1\/wp-json\/wp\/v2\/posts"}],"about":[{"href":"https:\/\/www.caririemacao.com\/1\/wp-json\/wp\/v2\/types\/post"}],"author":[{"embeddable":true,"href":"https:\/\/www.caririemacao.com\/1\/wp-json\/wp\/v2\/users\/1"}],"replies":[{"embeddable":true,"href":"https:\/\/www.caririemacao.com\/1\/wp-json\/wp\/v2\/comments?post=167946"}],"version-history":[{"count":2,"href":"https:\/\/www.caririemacao.com\/1\/wp-json\/wp\/v2\/posts\/167946\/revisions"}],"predecessor-version":[{"id":167984,"href":"https:\/\/www.caririemacao.com\/1\/wp-json\/wp\/v2\/posts\/167946\/revisions\/167984"}],"wp:featuredmedia":[{"embeddable":true,"href":"https:\/\/www.caririemacao.com\/1\/wp-json\/wp\/v2\/media\/167947"}],"wp:attachment":[{"href":"https:\/\/www.caririemacao.com\/1\/wp-json\/wp\/v2\/media?parent=167946"}],"wp:term":[{"taxonomy":"category","embeddable":true,"href":"https:\/\/www.caririemacao.com\/1\/wp-json\/wp\/v2\/categories?post=167946"},{"taxonomy":"post_tag","embeddable":true,"href":"https:\/\/www.caririemacao.com\/1\/wp-json\/wp\/v2\/tags?post=167946"}],"curies":[{"name":"wp","href":"https:\/\/api.w.org\/{rel}","templated":true}]}}