{"id":167949,"date":"2020-05-07T09:14:57","date_gmt":"2020-05-07T12:14:57","guid":{"rendered":"https:\/\/www.caririemacao.com\/1\/?p=167949"},"modified":"2020-05-07T09:14:57","modified_gmt":"2020-05-07T12:14:57","slug":"romero-comemora-habilitacao-de-21-novos-leitos-de-uti-para-campina-pelo-ms","status":"publish","type":"post","link":"https:\/\/www.caririemacao.com\/1\/2020\/05\/07\/romero-comemora-habilitacao-de-21-novos-leitos-de-uti-para-campina-pelo-ms\/","title":{"rendered":"Romero comemora habilita\u00e7\u00e3o de 21 novos leitos de UTI para Campina pelo MS"},"content":{"rendered":"\n<p>O prefeito Romero Rodrigues comemorou, nesta quarta-feira, 6, portaria do ministro Nelson Teich, da Sa\u00fade, publicada no Di\u00e1rio Oficial da Uni\u00e3o (DOU). Teich formalizou a habilita\u00e7\u00e3o de 21 leitos de Unidade de Terapia Intensiva (UTI) para o munic\u00edpio de Campina Grande, exclusivamente para atendimento a pacientes v\u00edtimas da Covid-19.<\/p>\n\n\n\n<p>As duas unidades contempladas com os recursos para instala\u00e7\u00e3o e custeio das UTIs s\u00e3o o Hospital da Crian\u00e7a (oficialmente, Dr. Severino Carvalho) e o Hospital de Campanha, em fase de conclus\u00e3o. Os recursos destinados pelo Governo Federal diretamente para a PMCG, para este fim, s\u00e3o da ordem de R$ 3,2 milh\u00f5es.<\/p>\n\n\n\n<p>Para o Hospital da Crian\u00e7a, foram habilitados seis leitos, cujo custo definido pelo Minist\u00e9rio da Sa\u00fade \u00e9 de R$ 864 mil. J\u00e1 para o novo Hospital de Campanha, constru\u00eddo na \u00e1rea interna do Hospital Pedro I, o investimento nas UTIs habilitadas \u00e9 de R$2.160,000,00.<\/p>\n\n\n\n<p>Segundo a portaria de Nelson Teich, a habilita\u00e7\u00e3o dos novos leitos de UTIs para as unidades ocorrer\u00e1 excepcionalmente pelo prazo de 90 dias, podendo ser prorrogada. Finalizada a situa\u00e7\u00e3o de emerg\u00eancia de sa\u00fade p\u00fablica, de import\u00e2ncia internacional decorrente do Coronav\u00edrus (COVID-19), essas habilita\u00e7\u00f5es poder\u00e3o ser encerradas a qualquer tempo.<\/p>\n\n\n\n<p>O ato ministerial tamb\u00e9m d\u00e1 conta de que o Fundo Nacional de Sa\u00fade adotar\u00e1 as medidas necess\u00e1rias para a transfer\u00eancia, regular e autom\u00e1tica, do montante estabelecido no art. 2\u00ba, aos Fundos Estadual e Municipais de Sa\u00fade, em parcela \u00fanica, mediante processo autorizativo encaminhado pela Secretaria de Aten\u00e7\u00e3o Especializada \u00e0 Sa\u00fade.<\/p>\n\n\n\n<p>Com Para\u00edba todo Dia <\/p>\n","protected":false},"excerpt":{"rendered":"<p>O prefeito Romero Rodrigues comemorou, nesta quarta-feira, 6, portaria do ministro Nelson Teich, da Sa\u00fade, publicada no Di\u00e1rio Oficial da Uni\u00e3o (DOU). Teich formalizou a&hellip; <\/p>\n","protected":false},"author":1,"featured_media":167950,"comment_status":"closed","ping_status":"closed","sticky":false,"template":"","format":"standard","meta":{"sfsi_plus_gutenberg_text_before_share":"","sfsi_plus_gutenberg_show_text_before_share":"","sfsi_plus_gutenberg_icon_type":"","sfsi_plus_gutenberg_icon_alignemt":"","sfsi_plus_gutenburg_max_per_row":"","footnotes":""},"categories":[2],"tags":[],"class_list":["post-167949","post","type-post","status-publish","format-standard","has-post-thumbnail","hentry","category-geral"],"_links":{"self":[{"href":"https:\/\/www.caririemacao.com\/1\/wp-json\/wp\/v2\/posts\/167949","targetHints":{"allow":["GET"]}}],"collection":[{"href":"https:\/\/www.caririemacao.com\/1\/wp-json\/wp\/v2\/posts"}],"about":[{"href":"https:\/\/www.caririemacao.com\/1\/wp-json\/wp\/v2\/types\/post"}],"author":[{"embeddable":true,"href":"https:\/\/www.caririemacao.com\/1\/wp-json\/wp\/v2\/users\/1"}],"replies":[{"embeddable":true,"href":"https:\/\/www.caririemacao.com\/1\/wp-json\/wp\/v2\/comments?post=167949"}],"version-history":[{"count":1,"href":"https:\/\/www.caririemacao.com\/1\/wp-json\/wp\/v2\/posts\/167949\/revisions"}],"predecessor-version":[{"id":167951,"href":"https:\/\/www.caririemacao.com\/1\/wp-json\/wp\/v2\/posts\/167949\/revisions\/167951"}],"wp:featuredmedia":[{"embeddable":true,"href":"https:\/\/www.caririemacao.com\/1\/wp-json\/wp\/v2\/media\/167950"}],"wp:attachment":[{"href":"https:\/\/www.caririemacao.com\/1\/wp-json\/wp\/v2\/media?parent=167949"}],"wp:term":[{"taxonomy":"category","embeddable":true,"href":"https:\/\/www.caririemacao.com\/1\/wp-json\/wp\/v2\/categories?post=167949"},{"taxonomy":"post_tag","embeddable":true,"href":"https:\/\/www.caririemacao.com\/1\/wp-json\/wp\/v2\/tags?post=167949"}],"curies":[{"name":"wp","href":"https:\/\/api.w.org\/{rel}","templated":true}]}}