{"id":167952,"date":"2020-05-07T09:19:15","date_gmt":"2020-05-07T12:19:15","guid":{"rendered":"https:\/\/www.caririemacao.com\/1\/?p=167952"},"modified":"2020-05-07T09:19:15","modified_gmt":"2020-05-07T12:19:15","slug":"ministerio-publico-pede-a-justica-determinacao-de-lockdown-em-pernambuco","status":"publish","type":"post","link":"https:\/\/www.caririemacao.com\/1\/2020\/05\/07\/ministerio-publico-pede-a-justica-determinacao-de-lockdown-em-pernambuco\/","title":{"rendered":"Minist\u00e9rio P\u00fablico pede \u00e0 Justi\u00e7a determina\u00e7\u00e3o de lockdown em Pernambuco"},"content":{"rendered":"\n<p>O Minist\u00e9rio P\u00fablico de Pernambuco (MPPE) expediu uma medida liminar nesta quarta-feira (6) pedindo \u00e0 Justi\u00e7a que determine ao governo do Estado e \u00e0 Prefeitura do Recife a aplica\u00e7\u00e3o do lockdown, inicialmente pelo prazo de 15 dias, como medida contra a dissemina\u00e7\u00e3o do coronav\u00edrus (covid-19) no estado. O descumprimento da determina\u00e7\u00e3o acarreta na cobran\u00e7a de multa di\u00e1ria de\u00a0R$ 100 mil por cada recomenda\u00e7\u00e3o desobedecida.<\/p>\n\n\n\n<p>De acordo o documento, o estado dever\u00e1 determinar a suspens\u00e3o do funcionamento e atendimento ao p\u00fablico de todas as atividades n\u00e3o essenciais, incluindo os servi\u00e7os de delivery. No caso das atividades essenciais, devem ser suspenso o atendimento ao p\u00fablico, com exce\u00e7\u00e3o de mercados, supermercados, farm\u00e1cias e tamb\u00e9m os que exijam a presen\u00e7a efetiva do consumidor, a exemplo de postos de gasolina e unidades de sa\u00fade.<\/p>\n\n\n\n<p>De acordo com o documento, o lockdown compreende as seguintes medidas<\/p>\n\n\n\n<p><strong>Suspens\u00e3o do funcionamento e atendimento ao p\u00fablico de todas as atividades e servi\u00e7os n\u00e3o essenciais<\/strong><br>Isso tamb\u00e9m inclui entregas em domic\u00edlio&nbsp;(delivery)<\/p>\n\n\n\n<p><strong>Suspens\u00e3o de atendimento ao p\u00fablico em todas as atividades e servi\u00e7os essenciais<\/strong><br>A exce\u00e7\u00e3o \u00e9 para\u00a0mercados, supermercados, farm\u00e1cias e tamb\u00e9m servi\u00e7os os que exijam a presen\u00e7a efetiva do consumidor, a exemplo de postos de gasolina, servi\u00e7os de sa\u00fade,\u00a0cl\u00ednicas e hospitais veterin\u00e1rios, bancos e servi\u00e7os financeiros (inclusive lot\u00e9rica) e servi\u00e7os funer\u00e1rios.<\/p>\n\n\n\n<p><strong>Manuten\u00e7\u00e3o de atendimento ao p\u00fablico nos demais servi\u00e7os e atividades essenciais<br><\/strong>Tais atividades foram estipuladas por meio do&nbsp;Decreto Estadual n\u00ba 48.809, com efeitos prorrogados at\u00e9 o dia 10 de maio. Mas s\u00f3 podem ser mantidos os servi\u00e7os essenciais cujo fornecimento n\u00e3o exija a presen\u00e7a efetiva do consumidor. Os&nbsp;mercados,&nbsp;supermercados e farm\u00e1cias, poder\u00e3o funcionar, mas atrav\u00e9s da institucionaliza\u00e7\u00e3o do atendimento.<\/p>\n\n\n\n<p><strong>Restri\u00e7\u00e3o ao transporte intramunicipal, intermunicipal e interestadual<\/strong><br>S\u00f3 ser\u00e1 permitido o&nbsp;deslocamento e tr\u00e2nsito de pessoas e produtos relacionados aos servi\u00e7os e&nbsp;atividades essenciais<\/p>\n\n\n\n<p><strong>Proibi\u00e7\u00e3o de entrada e sa\u00edda de ve\u00edculos do Munic\u00edpio de Recife<\/strong><br>A exce\u00e7\u00e3o \u00e9 para os ve\u00edculos&nbsp;destinados \u00e0 realiza\u00e7\u00e3o dos servi\u00e7os e atividades essenciais<\/p>\n\n\n\n<p><strong>Proibi\u00e7\u00e3o de circula\u00e7\u00e3o de ve\u00edculos particulares em todo o Estado de Pernambuco<\/strong><br>Salvo se\u00a0estiver voltado para quest\u00f5es relacionadas ao cumprimento dos servi\u00e7os e atividades essenciais<\/p>\n\n\n\n<p>Por Jornal do Com\u00e9rcio<\/p>\n","protected":false},"excerpt":{"rendered":"<p>O Minist\u00e9rio P\u00fablico de Pernambuco (MPPE) expediu uma medida liminar nesta quarta-feira (6) pedindo \u00e0 Justi\u00e7a que determine ao governo do Estado e \u00e0 Prefeitura&hellip; <\/p>\n","protected":false},"author":1,"featured_media":167953,"comment_status":"closed","ping_status":"closed","sticky":false,"template":"","format":"standard","meta":{"sfsi_plus_gutenberg_text_before_share":"","sfsi_plus_gutenberg_show_text_before_share":"","sfsi_plus_gutenberg_icon_type":"","sfsi_plus_gutenberg_icon_alignemt":"","sfsi_plus_gutenburg_max_per_row":"","footnotes":""},"categories":[50],"tags":[],"class_list":["post-167952","post","type-post","status-publish","format-standard","has-post-thumbnail","hentry","category-destaque"],"_links":{"self":[{"href":"https:\/\/www.caririemacao.com\/1\/wp-json\/wp\/v2\/posts\/167952","targetHints":{"allow":["GET"]}}],"collection":[{"href":"https:\/\/www.caririemacao.com\/1\/wp-json\/wp\/v2\/posts"}],"about":[{"href":"https:\/\/www.caririemacao.com\/1\/wp-json\/wp\/v2\/types\/post"}],"author":[{"embeddable":true,"href":"https:\/\/www.caririemacao.com\/1\/wp-json\/wp\/v2\/users\/1"}],"replies":[{"embeddable":true,"href":"https:\/\/www.caririemacao.com\/1\/wp-json\/wp\/v2\/comments?post=167952"}],"version-history":[{"count":1,"href":"https:\/\/www.caririemacao.com\/1\/wp-json\/wp\/v2\/posts\/167952\/revisions"}],"predecessor-version":[{"id":167954,"href":"https:\/\/www.caririemacao.com\/1\/wp-json\/wp\/v2\/posts\/167952\/revisions\/167954"}],"wp:featuredmedia":[{"embeddable":true,"href":"https:\/\/www.caririemacao.com\/1\/wp-json\/wp\/v2\/media\/167953"}],"wp:attachment":[{"href":"https:\/\/www.caririemacao.com\/1\/wp-json\/wp\/v2\/media?parent=167952"}],"wp:term":[{"taxonomy":"category","embeddable":true,"href":"https:\/\/www.caririemacao.com\/1\/wp-json\/wp\/v2\/categories?post=167952"},{"taxonomy":"post_tag","embeddable":true,"href":"https:\/\/www.caririemacao.com\/1\/wp-json\/wp\/v2\/tags?post=167952"}],"curies":[{"name":"wp","href":"https:\/\/api.w.org\/{rel}","templated":true}]}}