{"id":167955,"date":"2020-05-07T09:26:10","date_gmt":"2020-05-07T12:26:10","guid":{"rendered":"https:\/\/www.caririemacao.com\/1\/?p=167955"},"modified":"2020-05-07T09:26:10","modified_gmt":"2020-05-07T12:26:10","slug":"menino-de-4-anos-morre-com-suspeita-de-covid-19-no-rj-e-desabafo-da-avo-comove-nunca-mais-vou-poder-ver-ele","status":"publish","type":"post","link":"https:\/\/www.caririemacao.com\/1\/2020\/05\/07\/menino-de-4-anos-morre-com-suspeita-de-covid-19-no-rj-e-desabafo-da-avo-comove-nunca-mais-vou-poder-ver-ele\/","title":{"rendered":"Menino de 4 anos morre com suspeita de Covid-19 no RJ e desabafo da av\u00f3 comove: \u2018nunca mais vou poder ver ele\u2019"},"content":{"rendered":"\n<p>O coronav\u00edrus j\u00e1 fez mais de 8,500 mortos at\u00e9 esta quarta-feira, 06 de maio, e a cada dia aumenta o n\u00famero de infectados e \u00f3bitos de forma surreal. A pandemia tem causando grande terror no mundo inteiro que est\u00e1 lutando para se manter saud\u00e1vel.<\/p>\n\n\n\n<p>Na \u00faltima ter\u00e7a-feira, 05 de maio, mais um \u00f3bito com suspeita da covid-19, o menino Rhyan Silva Braga, que tinha apenas quatro anos de idade. Ele apresentou sintomas da doen\u00e7a e foi internado no Hospital Municipal Jesus, em Vila Isabel.<\/p>\n\n\n\n<p>O garotinho foi internado no \u00faltimo dia 30 de abril com problemas respirat\u00f3rios. A av\u00f3 do menino fez um desabafo em entrevista para o G1 e comoveu os internautas.<\/p>\n\n\n\n<figure class=\"wp-block-image\"><img decoding=\"async\" data-src=\"https:\/\/plantaoaovivo.com.br\/wp-content\/uploads\/2020\/05\/8533796_x720-1024x576.jpg\" alt=\"\" class=\"wp-image-49292 lazyload\" src=\"data:image\/svg+xml;base64,PHN2ZyB3aWR0aD0iMSIgaGVpZ2h0PSIxIiB4bWxucz0iaHR0cDovL3d3dy53My5vcmcvMjAwMC9zdmciPjwvc3ZnPg==\" style=\"--smush-placeholder-width: 1024px; --smush-placeholder-aspect-ratio: 1024\/576;\" \/><\/figure>\n\n\n\n<p>\u201c<em>Ele torcia para o Flamengo e adorava cantar a m\u00fasica do Gabigol. Era uma crian\u00e7a alegre, brincalhona. Sa\u00eda todo ano de bate-bola com o pai. Ele era o mascote. E agora? Como? Acabou. Nunca mais vou poder ver ele na minha vid<\/em>a\u201d, contou a av\u00f3 de Rhyan.<\/p>\n\n\n\n<p>A fam\u00edlia do menino de apenas 4 anos espera o resultado do laudo para saber se a causa da morte foi decorrente do coronav\u00edrus.<\/p>\n\n\n\n<p>Fonte:&nbsp;<a href=\"https:\/\/g1.globo.com\/rj\/rio-de-janeiro\/noticia\/2020\/05\/06\/menino-de-4-anos-morre-com-suspeita-de-covid-19-no-rio.ghtml\">G1<\/a><\/p>\n","protected":false},"excerpt":{"rendered":"<p>O coronav\u00edrus j\u00e1 fez mais de 8,500 mortos at\u00e9 esta quarta-feira, 06 de maio, e a cada dia aumenta o n\u00famero de infectados e \u00f3bitos&hellip; <\/p>\n","protected":false},"author":1,"featured_media":167956,"comment_status":"closed","ping_status":"closed","sticky":false,"template":"","format":"standard","meta":{"sfsi_plus_gutenberg_text_before_share":"","sfsi_plus_gutenberg_show_text_before_share":"","sfsi_plus_gutenberg_icon_type":"","sfsi_plus_gutenberg_icon_alignemt":"","sfsi_plus_gutenburg_max_per_row":"","footnotes":""},"categories":[2],"tags":[],"class_list":["post-167955","post","type-post","status-publish","format-standard","has-post-thumbnail","hentry","category-geral"],"_links":{"self":[{"href":"https:\/\/www.caririemacao.com\/1\/wp-json\/wp\/v2\/posts\/167955","targetHints":{"allow":["GET"]}}],"collection":[{"href":"https:\/\/www.caririemacao.com\/1\/wp-json\/wp\/v2\/posts"}],"about":[{"href":"https:\/\/www.caririemacao.com\/1\/wp-json\/wp\/v2\/types\/post"}],"author":[{"embeddable":true,"href":"https:\/\/www.caririemacao.com\/1\/wp-json\/wp\/v2\/users\/1"}],"replies":[{"embeddable":true,"href":"https:\/\/www.caririemacao.com\/1\/wp-json\/wp\/v2\/comments?post=167955"}],"version-history":[{"count":1,"href":"https:\/\/www.caririemacao.com\/1\/wp-json\/wp\/v2\/posts\/167955\/revisions"}],"predecessor-version":[{"id":167957,"href":"https:\/\/www.caririemacao.com\/1\/wp-json\/wp\/v2\/posts\/167955\/revisions\/167957"}],"wp:featuredmedia":[{"embeddable":true,"href":"https:\/\/www.caririemacao.com\/1\/wp-json\/wp\/v2\/media\/167956"}],"wp:attachment":[{"href":"https:\/\/www.caririemacao.com\/1\/wp-json\/wp\/v2\/media?parent=167955"}],"wp:term":[{"taxonomy":"category","embeddable":true,"href":"https:\/\/www.caririemacao.com\/1\/wp-json\/wp\/v2\/categories?post=167955"},{"taxonomy":"post_tag","embeddable":true,"href":"https:\/\/www.caririemacao.com\/1\/wp-json\/wp\/v2\/tags?post=167955"}],"curies":[{"name":"wp","href":"https:\/\/api.w.org\/{rel}","templated":true}]}}